{"id":6121,"date":"2023-09-13T11:26:19","date_gmt":"2023-09-13T16:26:19","guid":{"rendered":"https:\/\/mediapraxis.net\/?p=6121"},"modified":"2023-09-13T16:04:42","modified_gmt":"2023-09-13T21:04:42","slug":"guia-actualizada-de-tamanos-de-imagenes-para-facebook-2023","status":"publish","type":"post","link":"https:\/\/mediapraxis.net\/en\/guia-actualizada-de-tamanos-de-imagenes-para-facebook-2023\/","title":{"rendered":"Gu\u00eda actualizada de tama\u00f1os de im\u00e1genes para Facebook 2023"},"content":{"rendered":"<div data-elementor-type=\"wp-post\" data-elementor-id=\"6121\" class=\"elementor elementor-6121\">\n\t\t\t\t\t\t\t\t\t<section class=\"elementor-section elementor-top-section elementor-element elementor-element-e4b5d23 elementor-section-boxed elementor-section-height-default elementor-section-height-default qodef-elementor-content-no\" data-id=\"e4b5d23\" data-element_type=\"section\">\n\t\t\t\t\t\t<div class=\"elementor-container elementor-column-gap-default\">\n\t\t\t\t\t<div class=\"elementor-column elementor-col-100 elementor-top-column elementor-element elementor-element-c9482db\" data-id=\"c9482db\" data-element_type=\"column\">\n\t\t\t<div class=\"elementor-widget-wrap elementor-element-populated\">\n\t\t\t\t\t\t\t\t<div class=\"elementor-element elementor-element-dee9ab1 elementor-widget elementor-widget-text-editor\" data-id=\"dee9ab1\" data-element_type=\"widget\" data-widget_type=\"text-editor.default\">\n\t\t\t\t<div class=\"elementor-widget-container\">\n\t\t\t<style>\/*! elementor - v3.15.0 - 09-08-2023 *\/\n.elementor-widget-text-editor.elementor-drop-cap-view-stacked .elementor-drop-cap{background-color:#69727d;color:#fff}.elementor-widget-text-editor.elementor-drop-cap-view-framed .elementor-drop-cap{color:#69727d;border:3px solid;background-color:transparent}.elementor-widget-text-editor:not(.elementor-drop-cap-view-default) .elementor-drop-cap{margin-top:8px}.elementor-widget-text-editor:not(.elementor-drop-cap-view-default) .elementor-drop-cap-letter{width:1em;height:1em}.elementor-widget-text-editor .elementor-drop-cap{float:left;text-align:center;line-height:1;font-size:50px}.elementor-widget-text-editor .elementor-drop-cap-letter{display:inline-block}<\/style>\t\t\t\tEn el mundo de las redes sociales, mantenerse al d\u00eda con las \u00faltimas actualizaciones y dimensiones de im\u00e1genes es esencial para garantizar que los contenidos planificados se vean y compartan de la mejor manera posible. En el caso de plataformas como Facebook, las im\u00e1genes desempe\u00f1an un papel fundamental en la captaci\u00f3n de la atenci\u00f3n de la audiencia. En este art\u00edculo, te proporcionaremos los tama\u00f1os actualizados de im\u00e1genes permitidos por Facebook para las publicaciones.\n<h2 style=\"font-size: 35px;\">Tama\u00f1os de im\u00e1genes de Perfil:<\/h2>\nLa imagen de perfil es un elemento clave, ya que representa la identidad en la plataforma. Por ello, la medida recomendada para la imagen de perfil es de 180 x 180 p\u00edxeles. No obstante, esta imagen se mostrar\u00e1 en miniatura en muchos lugares, como comentarios y publicaciones. Por lo tanto, es aconsejable cargar una imagen con una resoluci\u00f3n m\u00e1s alta, como 360 x 360 p\u00edxeles, para garantizar su claridad.\t\t\t\t\t\t<\/div>\n\t\t\t\t<\/div>\n\t\t\t\t<div class=\"elementor-element elementor-element-243a7a7 elementor-widget elementor-widget-image\" data-id=\"243a7a7\" data-element_type=\"widget\" data-widget_type=\"image.default\">\n\t\t\t\t<div class=\"elementor-widget-container\">\n\t\t\t<style>\/*! elementor - v3.15.0 - 09-08-2023 *\/\n.elementor-widget-image{text-align:center}.elementor-widget-image a{display:inline-block}.elementor-widget-image a img[src$=\".svg\"]{width:48px}.elementor-widget-image img{vertical-align:middle;display:inline-block}<\/style>\t\t\t\t\t\t\t\t\t\t\t\t<img loading=\"lazy\" decoding=\"async\" width=\"1000\" height=\"1000\" src=\"https:\/\/mediapraxis.net\/wp-content\/uploads\/2023\/09\/tamano-de-imagen-de-perfil.png\" class=\"attachment-large size-large wp-image-6164\" alt=\"Tama\u00f1o de im\u00e1gen de perfil\" srcset=\"https:\/\/mediapraxis.net\/wp-content\/uploads\/2023\/09\/tamano-de-imagen-de-perfil.png 1000w, https:\/\/mediapraxis.net\/wp-content\/uploads\/2023\/09\/tamano-de-imagen-de-perfil-300x300.png 300w, https:\/\/mediapraxis.net\/wp-content\/uploads\/2023\/09\/tamano-de-imagen-de-perfil-150x150.png 150w, https:\/\/mediapraxis.net\/wp-content\/uploads\/2023\/09\/tamano-de-imagen-de-perfil-768x768.png 768w, https:\/\/mediapraxis.net\/wp-content\/uploads\/2023\/09\/tamano-de-imagen-de-perfil-12x12.png 12w, https:\/\/mediapraxis.net\/wp-content\/uploads\/2023\/09\/tamano-de-imagen-de-perfil-650x650.png 650w\" sizes=\"auto, (max-width: 1000px) 100vw, 1000px\" \/>\t\t\t\t\t\t\t\t\t\t\t\t\t\t\t<\/div>\n\t\t\t\t<\/div>\n\t\t\t\t<div class=\"elementor-element elementor-element-36578bf elementor-widget elementor-widget-text-editor\" data-id=\"36578bf\" data-element_type=\"widget\" data-widget_type=\"text-editor.default\">\n\t\t\t\t<div class=\"elementor-widget-container\">\n\t\t\t\t\t\t\t<h2 style=\"font-size: 35px;\">Tama\u00f1os de im\u00e1genes de Portada:<\/h2><p>La imagen de portada es la primera impresi\u00f3n que los visitantes tienen de un perfil o p\u00e1gina de Facebook. El tama\u00f1o ideal para la imagen de portada es de 820 x 360 p\u00edxeles para la versi\u00f3n de escritorio y 640 x 360 p\u00edxeles para dispositivos m\u00f3viles. Es recomendable que la informaci\u00f3n relevante est\u00e9 comprendida dentro de las medidas para m\u00f3viles. Asimismo, es importante asegurarse de que la imagen refleje la identidad de la marca y sea atractiva, ya que ser\u00e1 el primer vistazo que los usuarios tendr\u00e1n al visitar la p\u00e1gina.<\/p>\t\t\t\t\t\t<\/div>\n\t\t\t\t<\/div>\n\t\t\t\t<div class=\"elementor-element elementor-element-7759818 elementor-widget elementor-widget-image\" data-id=\"7759818\" data-element_type=\"widget\" data-widget_type=\"image.default\">\n\t\t\t\t<div class=\"elementor-widget-container\">\n\t\t\t\t\t\t\t\t\t\t\t\t\t\t\t<img loading=\"lazy\" decoding=\"async\" width=\"1000\" height=\"1000\" src=\"https:\/\/mediapraxis.net\/wp-content\/uploads\/2023\/09\/tamanos-de-imagenes-de-portada.png\" class=\"attachment-large size-large wp-image-6163\" alt=\"Tama\u00f1os de im\u00e1genes de Portada\" srcset=\"https:\/\/mediapraxis.net\/wp-content\/uploads\/2023\/09\/tamanos-de-imagenes-de-portada.png 1000w, https:\/\/mediapraxis.net\/wp-content\/uploads\/2023\/09\/tamanos-de-imagenes-de-portada-300x300.png 300w, https:\/\/mediapraxis.net\/wp-content\/uploads\/2023\/09\/tamanos-de-imagenes-de-portada-150x150.png 150w, https:\/\/mediapraxis.net\/wp-content\/uploads\/2023\/09\/tamanos-de-imagenes-de-portada-768x768.png 768w, https:\/\/mediapraxis.net\/wp-content\/uploads\/2023\/09\/tamanos-de-imagenes-de-portada-12x12.png 12w, https:\/\/mediapraxis.net\/wp-content\/uploads\/2023\/09\/tamanos-de-imagenes-de-portada-650x650.png 650w\" sizes=\"auto, (max-width: 1000px) 100vw, 1000px\" \/>\t\t\t\t\t\t\t\t\t\t\t\t\t\t\t<\/div>\n\t\t\t\t<\/div>\n\t\t\t\t<div class=\"elementor-element elementor-element-e59ffc6 elementor-widget elementor-widget-text-editor\" data-id=\"e59ffc6\" data-element_type=\"widget\" data-widget_type=\"text-editor.default\">\n\t\t\t\t<div class=\"elementor-widget-container\">\n\t\t\t\t\t\t\t<h2 style=\"font-size: 35px;\">Tama\u00f1os de publicaciones en el muro o feed de Facebook:<\/h2><p>Para el feed, Facebook ofrece diferentes formatos, entre los cuales destacan la colecci\u00f3n de im\u00e1genes, fotos horizontales, mosaico de 4 fotos y el formato cuadrado, que es el m\u00e1s utilizado. Para garantizar que las im\u00e1genes se vean n\u00edtidas y profesionales, es recomendable usar una resoluci\u00f3n de 1200 x 1200 p\u00edxeles. Esta medida optimiza las im\u00e1genes para que sean visualmente atractivas en la l\u00ednea de tiempo de los usuarios y en la vista previa de enlaces compartidos.<\/p>\t\t\t\t\t\t<\/div>\n\t\t\t\t<\/div>\n\t\t\t\t<div class=\"elementor-element elementor-element-23fb5a6 elementor-arrows-position-inside elementor-pagination-position-outside elementor-widget elementor-widget-image-carousel\" data-id=\"23fb5a6\" data-element_type=\"widget\" data-settings=\"{&quot;slides_to_show&quot;:&quot;1&quot;,&quot;navigation&quot;:&quot;both&quot;,&quot;autoplay&quot;:&quot;yes&quot;,&quot;pause_on_hover&quot;:&quot;yes&quot;,&quot;pause_on_interaction&quot;:&quot;yes&quot;,&quot;autoplay_speed&quot;:5000,&quot;infinite&quot;:&quot;yes&quot;,&quot;effect&quot;:&quot;slide&quot;,&quot;speed&quot;:500}\" data-widget_type=\"image-carousel.default\">\n\t\t\t\t<div class=\"elementor-widget-container\">\n\t\t\t<style>\/*! elementor - v3.15.0 - 09-08-2023 *\/\n.elementor-widget-image-carousel .swiper,.elementor-widget-image-carousel .swiper-container{position:static}.elementor-widget-image-carousel .swiper-container .swiper-slide figure,.elementor-widget-image-carousel .swiper .swiper-slide figure{line-height:inherit}.elementor-widget-image-carousel .swiper-slide{text-align:center}.elementor-image-carousel-wrapper:not(.swiper-container-initialized):not(.swiper-initialized) .swiper-slide{max-width:calc(100% \/ var(--e-image-carousel-slides-to-show, 3))}<\/style>\t\t<div class=\"elementor-image-carousel-wrapper swiper-container\" dir=\"ltr\">\n\t\t\t<div class=\"elementor-image-carousel swiper-wrapper\" aria-live=\"off\">\n\t\t\t\t\t\t\t\t<div class=\"swiper-slide\" role=\"group\" aria-roledescription=\"slide\" aria-label=\"1 of 4\"><figure class=\"swiper-slide-inner\"><img decoding=\"async\" class=\"swiper-slide-image\" src=\"https:\/\/mediapraxis.net\/wp-content\/uploads\/elementor\/thumbs\/tamanos-de-imagenes-en-el-muro-de-Facebook-qcd8j7co2gtzr7dj54a8djqno762bys49vs93ok6wk.png\" alt=\"Tama\u00f1os de im\u00e1genes en el muro de Facebook\" \/><\/figure><\/div><div class=\"swiper-slide\" role=\"group\" aria-roledescription=\"slide\" aria-label=\"2 of 4\"><figure class=\"swiper-slide-inner\"><img decoding=\"async\" class=\"swiper-slide-image\" src=\"https:\/\/mediapraxis.net\/wp-content\/uploads\/elementor\/thumbs\/tamanos-de-imagenes-en-el-feed-de-Facebook-qcd8j98cg4wkefasu53hij9kuywsrczky53828hek4.png\" alt=\"Tama\u00f1os de im\u00e1genes en el feed de Facebook\" \/><\/figure><\/div><div class=\"swiper-slide\" role=\"group\" aria-roledescription=\"slide\" aria-label=\"3 of 4\"><figure class=\"swiper-slide-inner\"><img decoding=\"async\" class=\"swiper-slide-image\" src=\"https:\/\/mediapraxis.net\/wp-content\/uploads\/elementor\/thumbs\/tamanos-de-publicaciones-en-el-feed-de-Facebook-qcd8jb40tsz51n82j5wqnisi1qnj6r71mee70sem7o.png\" alt=\"Tama\u00f1os de publicaciones en el feed de Facebook\" \/><\/figure><\/div><div class=\"swiper-slide\" role=\"group\" aria-roledescription=\"slide\" aria-label=\"4 of 4\"><figure class=\"swiper-slide-inner\"><img decoding=\"async\" class=\"swiper-slide-image\" src=\"https:\/\/mediapraxis.net\/wp-content\/uploads\/elementor\/thumbs\/tamanos-de-publicaciones-en-el-muro-de-Facebook-qcd8jczp7h1pov5c86pzsibf8ie9m5eianp5zcbtv8.png\" alt=\"Tama\u00f1os de publicaciones en el muro de Facebook\" \/><\/figure><\/div>\t\t\t<\/div>\n\t\t\t\t\t\t\t\t\t\t\t\t<div class=\"elementor-swiper-button elementor-swiper-button-prev\" role=\"button\" tabindex=\"0\">\n\t\t\t\t\t\t<i aria-hidden=\"true\" class=\"eicon-chevron-left\"><\/i>\t\t\t\t\t<\/div>\n\t\t\t\t\t<div class=\"elementor-swiper-button elementor-swiper-button-next\" role=\"button\" tabindex=\"0\">\n\t\t\t\t\t\t<i aria-hidden=\"true\" class=\"eicon-chevron-right\"><\/i>\t\t\t\t\t<\/div>\n\t\t\t\t\n\t\t\t\t\t\t\t\t\t<div class=\"swiper-pagination\"><\/div>\n\t\t\t\t\t\t\t\t\t<\/div>\n\t\t\t\t<\/div>\n\t\t\t\t<\/div>\n\t\t\t\t<div class=\"elementor-element elementor-element-612e932 elementor-widget elementor-widget-text-editor\" data-id=\"612e932\" data-element_type=\"widget\" data-widget_type=\"text-editor.default\">\n\t\t\t\t<div class=\"elementor-widget-container\">\n\t\t\t\t\t\t\t<h2 style=\"font-size: 35px;\">Tama\u00f1os de im\u00e1genes para enlaces:<\/h2><p>Al compartir enlaces a art\u00edculos, blogs o sitios web externos, Facebook permite adjuntar una imagen en miniatura. Para que estas im\u00e1genes se muestren correctamente, se recomienda usar una dimensi\u00f3n de 1200 x 627 p\u00edxeles. Esto asegura que las im\u00e1genes compartidas sean claras y llamativas, aumentando la probabilidad de que los usuarios hagan clic en el enlace adjunto.<\/p>\t\t\t\t\t\t<\/div>\n\t\t\t\t<\/div>\n\t\t\t\t<div class=\"elementor-element elementor-element-0af679d elementor-widget elementor-widget-image\" data-id=\"0af679d\" data-element_type=\"widget\" data-widget_type=\"image.default\">\n\t\t\t\t<div class=\"elementor-widget-container\">\n\t\t\t\t\t\t\t\t\t\t\t\t\t\t\t<img loading=\"lazy\" decoding=\"async\" width=\"1000\" height=\"1000\" src=\"https:\/\/mediapraxis.net\/wp-content\/uploads\/2023\/09\/tamanos-de-imagenes-para-enlaces.png\" class=\"attachment-large size-large wp-image-6158\" alt=\"\" srcset=\"https:\/\/mediapraxis.net\/wp-content\/uploads\/2023\/09\/tamanos-de-imagenes-para-enlaces.png 1000w, https:\/\/mediapraxis.net\/wp-content\/uploads\/2023\/09\/tamanos-de-imagenes-para-enlaces-300x300.png 300w, https:\/\/mediapraxis.net\/wp-content\/uploads\/2023\/09\/tamanos-de-imagenes-para-enlaces-150x150.png 150w, https:\/\/mediapraxis.net\/wp-content\/uploads\/2023\/09\/tamanos-de-imagenes-para-enlaces-768x768.png 768w, https:\/\/mediapraxis.net\/wp-content\/uploads\/2023\/09\/tamanos-de-imagenes-para-enlaces-12x12.png 12w, https:\/\/mediapraxis.net\/wp-content\/uploads\/2023\/09\/tamanos-de-imagenes-para-enlaces-650x650.png 650w\" sizes=\"auto, (max-width: 1000px) 100vw, 1000px\" \/>\t\t\t\t\t\t\t\t\t\t\t\t\t\t\t<\/div>\n\t\t\t\t<\/div>\n\t\t\t\t<div class=\"elementor-element elementor-element-f1ea157 elementor-widget elementor-widget-text-editor\" data-id=\"f1ea157\" data-element_type=\"widget\" data-widget_type=\"text-editor.default\">\n\t\t\t\t<div class=\"elementor-widget-container\">\n\t\t\t\t\t\t\t<h2 style=\"font-size: 35px;\">Tama\u00f1os de fotos de eventos y grupos:<\/h2>\nPara las im\u00e1genes de portada de eventos, el tama\u00f1o \u00f3ptimo es de 1200 x 628 p\u00edxeles. En cambio, para las im\u00e1genes de portada de grupos, el tama\u00f1o recomendado es de 1640 x 856 p\u00edxeles. Estas dimensiones garantizan que los eventos y grupos se presenten de manera atractiva y profesional.\t\t\t\t\t\t<\/div>\n\t\t\t\t<\/div>\n\t\t\t\t<div class=\"elementor-element elementor-element-b9aca11 elementor-widget elementor-widget-image\" data-id=\"b9aca11\" data-element_type=\"widget\" data-widget_type=\"image.default\">\n\t\t\t\t<div class=\"elementor-widget-container\">\n\t\t\t\t\t\t\t\t\t\t\t\t\t\t\t<img loading=\"lazy\" decoding=\"async\" width=\"1000\" height=\"1000\" src=\"https:\/\/mediapraxis.net\/wp-content\/uploads\/2023\/09\/tamanos-de-fotos-de-eventos-y-grupos.png\" class=\"attachment-large size-large wp-image-6157\" alt=\"\" srcset=\"https:\/\/mediapraxis.net\/wp-content\/uploads\/2023\/09\/tamanos-de-fotos-de-eventos-y-grupos.png 1000w, https:\/\/mediapraxis.net\/wp-content\/uploads\/2023\/09\/tamanos-de-fotos-de-eventos-y-grupos-300x300.png 300w, https:\/\/mediapraxis.net\/wp-content\/uploads\/2023\/09\/tamanos-de-fotos-de-eventos-y-grupos-150x150.png 150w, https:\/\/mediapraxis.net\/wp-content\/uploads\/2023\/09\/tamanos-de-fotos-de-eventos-y-grupos-768x768.png 768w, https:\/\/mediapraxis.net\/wp-content\/uploads\/2023\/09\/tamanos-de-fotos-de-eventos-y-grupos-12x12.png 12w, https:\/\/mediapraxis.net\/wp-content\/uploads\/2023\/09\/tamanos-de-fotos-de-eventos-y-grupos-650x650.png 650w\" sizes=\"auto, (max-width: 1000px) 100vw, 1000px\" \/>\t\t\t\t\t\t\t\t\t\t\t\t\t\t\t<\/div>\n\t\t\t\t<\/div>\n\t\t\t\t<div class=\"elementor-element elementor-element-0ab1cfa elementor-widget elementor-widget-text-editor\" data-id=\"0ab1cfa\" data-element_type=\"widget\" data-widget_type=\"text-editor.default\">\n\t\t\t\t<div class=\"elementor-widget-container\">\n\t\t\t\t\t\t\t<h2 style=\"font-size: 35px;\">Formato vertical:<\/h2><p>Para im\u00e1genes en formato vertical, se recomienda una resoluci\u00f3n de 1080 x 1920 <span class=\"TextRun Highlight SCXW244757495 BCX0\" lang=\"ES-PE\" xml:lang=\"ES-PE\" data-contrast=\"none\"><span class=\"NormalTextRun SCXW244757495 BCX0\">p\u00edxeles<\/span><\/span>. Es importante centrar la informaci\u00f3n crucial del dise\u00f1o, pues si se coloca muy arriba o abajo, los botones de la plataforma pueden ocultarla, haci\u00e9ndola ilegible.<\/p>\t\t\t\t\t\t<\/div>\n\t\t\t\t<\/div>\n\t\t\t\t<div class=\"elementor-element elementor-element-47ca8c7 elementor-widget elementor-widget-image\" data-id=\"47ca8c7\" data-element_type=\"widget\" data-widget_type=\"image.default\">\n\t\t\t\t<div class=\"elementor-widget-container\">\n\t\t\t\t\t\t\t\t\t\t\t\t\t\t\t<img loading=\"lazy\" decoding=\"async\" width=\"1000\" height=\"1000\" src=\"https:\/\/mediapraxis.net\/wp-content\/uploads\/2023\/09\/formato-vertical-facebook.png\" class=\"attachment-large size-large wp-image-6156\" alt=\"Formato vertical Facebook\" srcset=\"https:\/\/mediapraxis.net\/wp-content\/uploads\/2023\/09\/formato-vertical-facebook.png 1000w, https:\/\/mediapraxis.net\/wp-content\/uploads\/2023\/09\/formato-vertical-facebook-300x300.png 300w, https:\/\/mediapraxis.net\/wp-content\/uploads\/2023\/09\/formato-vertical-facebook-150x150.png 150w, https:\/\/mediapraxis.net\/wp-content\/uploads\/2023\/09\/formato-vertical-facebook-768x768.png 768w, https:\/\/mediapraxis.net\/wp-content\/uploads\/2023\/09\/formato-vertical-facebook-12x12.png 12w, https:\/\/mediapraxis.net\/wp-content\/uploads\/2023\/09\/formato-vertical-facebook-650x650.png 650w\" sizes=\"auto, (max-width: 1000px) 100vw, 1000px\" \/>\t\t\t\t\t\t\t\t\t\t\t\t\t\t\t<\/div>\n\t\t\t\t<\/div>\n\t\t\t\t\t<\/div>\n\t\t<\/div>\n\t\t\t\t\t\t\t<\/div>\n\t\t<\/section>\n\t\t\t\t\t\t\t<\/div>","protected":false},"excerpt":{"rendered":"<p>En el mundo de las redes sociales, mantenerse al d\u00eda con las \u00faltimas actualizaciones y dimensiones de im\u00e1genes es esencial para garantizar que los contenidos planificados se vean y compartan de la mejor manera posible. En el caso de plataformas como Facebook, las im\u00e1genes desempe\u00f1an un papel fundamental en la captaci\u00f3n de la atenci\u00f3n de [&hellip;]<\/p>","protected":false},"author":1,"featured_media":6145,"comment_status":"closed","ping_status":"closed","sticky":false,"template":"","format":"standard","meta":{"_mi_skip_tracking":false,"_monsterinsights_sitenote_active":false,"_monsterinsights_sitenote_note":"","_monsterinsights_sitenote_category":0,"_joinchat":[],"footnotes":""},"categories":[57],"tags":[],"class_list":["post-6121","post","type-post","status-publish","format-standard","has-post-thumbnail","hentry","category-blog"],"yoast_head":"<!-- This site is optimized with the Yoast SEO plugin v21.1 - https:\/\/yoast.com\/wordpress\/plugins\/seo\/ -->\n<title>Gu\u00eda actualizada de tama\u00f1os de im\u00e1genes para Facebook<\/title>\n<meta name=\"description\" content=\"En el mundo de las redes sociales, mantenerse al d\u00eda con las \u00faltimas actualizaciones y dimensiones de im\u00e1genes es esencial para garantizar que los contenidos planificados se vean y compartan de la mejor manera posible.\" \/>\n<meta name=\"robots\" content=\"index, follow, max-snippet:-1, max-image-preview:large, max-video-preview:-1\" \/>\n<link rel=\"canonical\" href=\"https:\/\/mediapraxis.net\/en\/guia-actualizada-de-tamanos-de-imagenes-para-facebook-2023\/\" \/>\n<meta property=\"og:locale\" content=\"en_US\" \/>\n<meta property=\"og:type\" content=\"article\" \/>\n<meta property=\"og:title\" content=\"Gu\u00eda actualizada de tama\u00f1os de im\u00e1genes para Facebook\" \/>\n<meta property=\"og:description\" content=\"En el mundo de las redes sociales, mantenerse al d\u00eda con las \u00faltimas actualizaciones y dimensiones de im\u00e1genes es esencial para garantizar que los contenidos planificados se vean y compartan de la mejor manera posible.\" \/>\n<meta property=\"og:url\" content=\"https:\/\/mediapraxis.net\/en\/guia-actualizada-de-tamanos-de-imagenes-para-facebook-2023\/\" \/>\n<meta property=\"og:site_name\" content=\"Media Praxis\" \/>\n<meta property=\"article:published_time\" content=\"2023-09-13T16:26:19+00:00\" \/>\n<meta property=\"article:modified_time\" content=\"2023-09-13T21:04:42+00:00\" \/>\n<meta property=\"og:image\" content=\"https:\/\/mediapraxis.net\/wp-content\/uploads\/2023\/09\/blog_13SEP2023.jpg\" \/>\n\t<meta property=\"og:image:width\" content=\"1300\" \/>\n\t<meta property=\"og:image:height\" content=\"876\" \/>\n\t<meta property=\"og:image:type\" content=\"image\/jpeg\" \/>\n<meta name=\"author\" content=\"@MediaPraxis\" \/>\n<meta name=\"twitter:card\" content=\"summary_large_image\" \/>\n<meta name=\"twitter:label1\" content=\"Written by\" \/>\n\t<meta name=\"twitter:data1\" content=\"@MediaPraxis\" \/>\n\t<meta name=\"twitter:label2\" content=\"Est. reading time\" \/>\n\t<meta name=\"twitter:data2\" content=\"5 minutes\" \/>\n<script type=\"application\/ld+json\" class=\"yoast-schema-graph\">{\"@context\":\"https:\/\/schema.org\",\"@graph\":[{\"@type\":\"WebPage\",\"@id\":\"https:\/\/mediapraxis.net\/guia-actualizada-de-tamanos-de-imagenes-para-facebook-2023\/\",\"url\":\"https:\/\/mediapraxis.net\/guia-actualizada-de-tamanos-de-imagenes-para-facebook-2023\/\",\"name\":\"Gu\u00eda actualizada de tama\u00f1os de im\u00e1genes para Facebook\",\"isPartOf\":{\"@id\":\"https:\/\/mediapraxis.net\/#website\"},\"datePublished\":\"2023-09-13T16:26:19+00:00\",\"dateModified\":\"2023-09-13T21:04:42+00:00\",\"author\":{\"@id\":\"https:\/\/mediapraxis.net\/#\/schema\/person\/a4966c9de21ac26fb1fea0abf51c443a\"},\"description\":\"En el mundo de las redes sociales, mantenerse al d\u00eda con las \u00faltimas actualizaciones y dimensiones de im\u00e1genes es esencial para garantizar que los contenidos planificados se vean y compartan de la mejor manera posible.\",\"breadcrumb\":{\"@id\":\"https:\/\/mediapraxis.net\/guia-actualizada-de-tamanos-de-imagenes-para-facebook-2023\/#breadcrumb\"},\"inLanguage\":\"en-US\",\"potentialAction\":[{\"@type\":\"ReadAction\",\"target\":[\"https:\/\/mediapraxis.net\/guia-actualizada-de-tamanos-de-imagenes-para-facebook-2023\/\"]}]},{\"@type\":\"BreadcrumbList\",\"@id\":\"https:\/\/mediapraxis.net\/guia-actualizada-de-tamanos-de-imagenes-para-facebook-2023\/#breadcrumb\",\"itemListElement\":[{\"@type\":\"ListItem\",\"position\":1,\"name\":\"Portada\",\"item\":\"https:\/\/mediapraxis.net\/\"},{\"@type\":\"ListItem\",\"position\":2,\"name\":\"Gu\u00eda actualizada de tama\u00f1os de im\u00e1genes para Facebook 2023\"}]},{\"@type\":\"WebSite\",\"@id\":\"https:\/\/mediapraxis.net\/#website\",\"url\":\"https:\/\/mediapraxis.net\/\",\"name\":\"Media Praxis\",\"description\":\"Comunicaci\u00f3n digital, reputaci\u00f3n online, identidad visual y PR\",\"potentialAction\":[{\"@type\":\"SearchAction\",\"target\":{\"@type\":\"EntryPoint\",\"urlTemplate\":\"https:\/\/mediapraxis.net\/?s={search_term_string}\"},\"query-input\":\"required name=search_term_string\"}],\"inLanguage\":\"en-US\"},{\"@type\":\"Person\",\"@id\":\"https:\/\/mediapraxis.net\/#\/schema\/person\/a4966c9de21ac26fb1fea0abf51c443a\",\"name\":\"@MediaPraxis\",\"image\":{\"@type\":\"ImageObject\",\"inLanguage\":\"en-US\",\"@id\":\"https:\/\/mediapraxis.net\/#\/schema\/person\/image\/\",\"url\":\"https:\/\/secure.gravatar.com\/avatar\/ffef93fb2a8ac1a264ae76550adf8e2b47e4b9983b2dcb2970645c65ef9bd523?s=96&d=mm&r=g\",\"contentUrl\":\"https:\/\/secure.gravatar.com\/avatar\/ffef93fb2a8ac1a264ae76550adf8e2b47e4b9983b2dcb2970645c65ef9bd523?s=96&d=mm&r=g\",\"caption\":\"@MediaPraxis\"},\"sameAs\":[\"https:\/\/mediapraxis.net\/mediapraxis_2022\"],\"url\":\"https:\/\/mediapraxis.net\/en\/author\/mediapraxis\/\"}]}<\/script>\n<!-- \/ Yoast SEO plugin. -->","yoast_head_json":{"title":"Gu\u00eda actualizada de tama\u00f1os de im\u00e1genes para Facebook","description":"En el mundo de las redes sociales, mantenerse al d\u00eda con las \u00faltimas actualizaciones y dimensiones de im\u00e1genes es esencial para garantizar que los contenidos planificados se vean y compartan de la mejor manera posible.","robots":{"index":"index","follow":"follow","max-snippet":"max-snippet:-1","max-image-preview":"max-image-preview:large","max-video-preview":"max-video-preview:-1"},"canonical":"https:\/\/mediapraxis.net\/en\/guia-actualizada-de-tamanos-de-imagenes-para-facebook-2023\/","og_locale":"en_US","og_type":"article","og_title":"Gu\u00eda actualizada de tama\u00f1os de im\u00e1genes para Facebook","og_description":"En el mundo de las redes sociales, mantenerse al d\u00eda con las \u00faltimas actualizaciones y dimensiones de im\u00e1genes es esencial para garantizar que los contenidos planificados se vean y compartan de la mejor manera posible.","og_url":"https:\/\/mediapraxis.net\/en\/guia-actualizada-de-tamanos-de-imagenes-para-facebook-2023\/","og_site_name":"Media Praxis","article_published_time":"2023-09-13T16:26:19+00:00","article_modified_time":"2023-09-13T21:04:42+00:00","og_image":[{"width":1300,"height":876,"url":"https:\/\/mediapraxis.net\/wp-content\/uploads\/2023\/09\/blog_13SEP2023.jpg","type":"image\/jpeg"}],"author":"@MediaPraxis","twitter_card":"summary_large_image","twitter_misc":{"Written by":"@MediaPraxis","Est. reading time":"5 minutes"},"schema":{"@context":"https:\/\/schema.org","@graph":[{"@type":"WebPage","@id":"https:\/\/mediapraxis.net\/guia-actualizada-de-tamanos-de-imagenes-para-facebook-2023\/","url":"https:\/\/mediapraxis.net\/guia-actualizada-de-tamanos-de-imagenes-para-facebook-2023\/","name":"Gu\u00eda actualizada de tama\u00f1os de im\u00e1genes para Facebook","isPartOf":{"@id":"https:\/\/mediapraxis.net\/#website"},"datePublished":"2023-09-13T16:26:19+00:00","dateModified":"2023-09-13T21:04:42+00:00","author":{"@id":"https:\/\/mediapraxis.net\/#\/schema\/person\/a4966c9de21ac26fb1fea0abf51c443a"},"description":"En el mundo de las redes sociales, mantenerse al d\u00eda con las \u00faltimas actualizaciones y dimensiones de im\u00e1genes es esencial para garantizar que los contenidos planificados se vean y compartan de la mejor manera posible.","breadcrumb":{"@id":"https:\/\/mediapraxis.net\/guia-actualizada-de-tamanos-de-imagenes-para-facebook-2023\/#breadcrumb"},"inLanguage":"en-US","potentialAction":[{"@type":"ReadAction","target":["https:\/\/mediapraxis.net\/guia-actualizada-de-tamanos-de-imagenes-para-facebook-2023\/"]}]},{"@type":"BreadcrumbList","@id":"https:\/\/mediapraxis.net\/guia-actualizada-de-tamanos-de-imagenes-para-facebook-2023\/#breadcrumb","itemListElement":[{"@type":"ListItem","position":1,"name":"Portada","item":"https:\/\/mediapraxis.net\/"},{"@type":"ListItem","position":2,"name":"Gu\u00eda actualizada de tama\u00f1os de im\u00e1genes para Facebook 2023"}]},{"@type":"WebSite","@id":"https:\/\/mediapraxis.net\/#website","url":"https:\/\/mediapraxis.net\/","name":"Media Praxis","description":"Comunicaci\u00f3n digital, reputaci\u00f3n online, identidad visual y PR","potentialAction":[{"@type":"SearchAction","target":{"@type":"EntryPoint","urlTemplate":"https:\/\/mediapraxis.net\/?s={search_term_string}"},"query-input":"required name=search_term_string"}],"inLanguage":"en-US"},{"@type":"Person","@id":"https:\/\/mediapraxis.net\/#\/schema\/person\/a4966c9de21ac26fb1fea0abf51c443a","name":"@MediaPraxis","image":{"@type":"ImageObject","inLanguage":"en-US","@id":"https:\/\/mediapraxis.net\/#\/schema\/person\/image\/","url":"https:\/\/secure.gravatar.com\/avatar\/ffef93fb2a8ac1a264ae76550adf8e2b47e4b9983b2dcb2970645c65ef9bd523?s=96&d=mm&r=g","contentUrl":"https:\/\/secure.gravatar.com\/avatar\/ffef93fb2a8ac1a264ae76550adf8e2b47e4b9983b2dcb2970645c65ef9bd523?s=96&d=mm&r=g","caption":"@MediaPraxis"},"sameAs":["https:\/\/mediapraxis.net\/mediapraxis_2022"],"url":"https:\/\/mediapraxis.net\/en\/author\/mediapraxis\/"}]}},"_links":{"self":[{"href":"https:\/\/mediapraxis.net\/en\/wp-json\/wp\/v2\/posts\/6121","targetHints":{"allow":["GET"]}}],"collection":[{"href":"https:\/\/mediapraxis.net\/en\/wp-json\/wp\/v2\/posts"}],"about":[{"href":"https:\/\/mediapraxis.net\/en\/wp-json\/wp\/v2\/types\/post"}],"author":[{"embeddable":true,"href":"https:\/\/mediapraxis.net\/en\/wp-json\/wp\/v2\/users\/1"}],"replies":[{"embeddable":true,"href":"https:\/\/mediapraxis.net\/en\/wp-json\/wp\/v2\/comments?post=6121"}],"version-history":[{"count":13,"href":"https:\/\/mediapraxis.net\/en\/wp-json\/wp\/v2\/posts\/6121\/revisions"}],"predecessor-version":[{"id":6167,"href":"https:\/\/mediapraxis.net\/en\/wp-json\/wp\/v2\/posts\/6121\/revisions\/6167"}],"wp:featuredmedia":[{"embeddable":true,"href":"https:\/\/mediapraxis.net\/en\/wp-json\/wp\/v2\/media\/6145"}],"wp:attachment":[{"href":"https:\/\/mediapraxis.net\/en\/wp-json\/wp\/v2\/media?parent=6121"}],"wp:term":[{"taxonomy":"category","embeddable":true,"href":"https:\/\/mediapraxis.net\/en\/wp-json\/wp\/v2\/categories?post=6121"},{"taxonomy":"post_tag","embeddable":true,"href":"https:\/\/mediapraxis.net\/en\/wp-json\/wp\/v2\/tags?post=6121"}],"curies":[{"name":"wp","href":"https:\/\/api.w.org\/{rel}","templated":true}]}}