{"id":5803,"date":"2023-08-08T12:29:50","date_gmt":"2023-08-08T17:29:50","guid":{"rendered":"https:\/\/mediapraxis.net\/?p=5803"},"modified":"2023-08-10T15:34:44","modified_gmt":"2023-08-10T20:34:44","slug":"que-es-threads","status":"publish","type":"post","link":"https:\/\/mediapraxis.net\/en\/que-es-threads\/","title":{"rendered":"\u00bfQu\u00e9 es Threads?"},"content":{"rendered":"<div data-elementor-type=\"wp-post\" data-elementor-id=\"5803\" class=\"elementor elementor-5803\">\n\t\t\t\t\t\t\t\t\t<section class=\"elementor-section elementor-top-section elementor-element elementor-element-e4b5d23 elementor-section-boxed elementor-section-height-default elementor-section-height-default qodef-elementor-content-no\" data-id=\"e4b5d23\" data-element_type=\"section\">\n\t\t\t\t\t\t<div class=\"elementor-container elementor-column-gap-default\">\n\t\t\t\t\t<div class=\"elementor-column elementor-col-100 elementor-top-column elementor-element elementor-element-c9482db\" data-id=\"c9482db\" data-element_type=\"column\">\n\t\t\t<div class=\"elementor-widget-wrap elementor-element-populated\">\n\t\t\t\t\t\t\t\t<div class=\"elementor-element elementor-element-dee9ab1 elementor-widget elementor-widget-text-editor\" data-id=\"dee9ab1\" data-element_type=\"widget\" data-widget_type=\"text-editor.default\">\n\t\t\t\t<div class=\"elementor-widget-container\">\n\t\t\t<style>\/*! elementor - v3.15.0 - 09-08-2023 *\/\n.elementor-widget-text-editor.elementor-drop-cap-view-stacked .elementor-drop-cap{background-color:#69727d;color:#fff}.elementor-widget-text-editor.elementor-drop-cap-view-framed .elementor-drop-cap{color:#69727d;border:3px solid;background-color:transparent}.elementor-widget-text-editor:not(.elementor-drop-cap-view-default) .elementor-drop-cap{margin-top:8px}.elementor-widget-text-editor:not(.elementor-drop-cap-view-default) .elementor-drop-cap-letter{width:1em;height:1em}.elementor-widget-text-editor .elementor-drop-cap{float:left;text-align:center;line-height:1;font-size:50px}.elementor-widget-text-editor .elementor-drop-cap-letter{display:inline-block}<\/style>\t\t\t\tEn respuesta al constante declive de Twitter, surge <em>Threads<\/em>, la nueva red social de Mark Zuckerberg. Este es un servicio vinculado directamente a Instagram, est\u00e1 dise\u00f1ado para reemplazar a Twitter. Pero \u00bfes realmente beneficioso para los usuarios? En estas l\u00edneas, analizaremos las ventajas y desventajas de unirte a <em>Threads<\/em> en la actualidad.\n<h2 style=\"font-size:35px;\">\n\u00bfQu\u00e9 es Threads de Instagram?<\/h2>\n<em>Threads<\/em> es un servicio reci\u00e9n implementado que permite a los usuarios crear un perfil vinculado a su cuenta de Instagram. De esta manera, se busca lograr una experiencia integrada entre ambas plataformas que permita ver, interactuar y compartir el contenido de la nueva app directamente en Instagram.\n<h2 style=\"font-size:35px;\">\n\u00bfC\u00f3mo funciona la nueva red social Threads?<\/h2>\nMark Zuckerberg aspira a un futuro donde <em>Threads<\/em> no sea una red social aislada m\u00e1s. Su visi\u00f3n es que esta plataforma se integre a la perfecci\u00f3n con otras aplicaciones dentro de lo que se conoce como <em>Fediverse<\/em>, un t\u00e9rmino que combina las palabras federaci\u00f3n y universo y hace referencia a una red interconectada de plataformas independientes. Es decir, es una aglomeraci\u00f3n de servidores, en donde los datos que se obtienen de cada usuario en cada plataforma se comparten entre s\u00ed. Algunos ejemplos de ello son <em>Mastodon<\/em>, <em>PeerTube<\/em> y <em>PixelFed<\/em>.\n\nEsto puede resultar extremadamente atractivo para los creadores de contenido e <em>influencers<\/em>, dado que no tendr\u00edan que comenzar desde cero en cada nueva plataforma. En su lugar, tendr\u00edan la opci\u00f3n de trasladar su audiencia a otras plataformas que operen con la tecnolog\u00eda de <em>Fediverse<\/em>.\n<h2 style=\"font-size:35px;\">\nVentajas de unirte a Threads<\/h2>\nGracias a su asociaci\u00f3n con <em>Instagram<\/em>, la plataforma ofrece la posibilidad de ganar seguidores autom\u00e1ticamente cada vez que un usuario se une a <em>Threads<\/em> y decide seguir todas las cuentas que ya sigue en Instagram. Esta integraci\u00f3n tambi\u00e9n facilita compartir contenido de manera sencilla entre ambas plataformas.\n\nAsimismo, brinda una experiencia de usuario personalizada, enfocada en los intereses individuales, complementada con la habilidad para seguir y organizar conversaciones a trav\u00e9s de una interfaz revolucionaria.\n\nPor otro lado, y a diferencia de Twitter, <em>Threads<\/em> permite textos de hasta 500 caracteres y videos de 5 minutos como m\u00e1ximo.\n<h2 style=\"font-size:35px;\">\nDesventajas de unirte a Threads<\/h2>\nA pesar de sus ventajas, <em>Threads<\/em> tambi\u00e9n tiene desventajas significativas por su lanzamiento prematuro que se deben tener en cuenta:\n<h3 style=\"font-size:24px;\">\nVinculaci\u00f3n con Instagram:<\/h3>\nCualquier problema con las pol\u00edticas de Instagram afectar\u00e1 a ambas cuentas. Algunos usuarios han confundido las pol\u00edticas de Twitter, que son m\u00e1s permisivas, con las de Instagram y han terminado perdiendo ambas cuentas.\n<h3 style=\"font-size:24px;\">\nFalta de filtrado:<\/h3>\nLas publicaciones del feed a\u00fan no est\u00e1n filtradas, por lo que los usuarios ver\u00e1n cualquier informaci\u00f3n publicada sin seguir un criterio espec\u00edfico, ni filtro por idioma.\n<h3 style=\"font-size:24px;\">\nFuncionalidades limitadas:<\/h3>\nA pesar de ser una plataforma novedosa, sus funcionalidades a\u00fan son muy limitadas en comparaci\u00f3n con <em>Instagram.<\/em>\n<h3 style=\"font-size:24px;\">\nNo navegaci\u00f3n por hashtags:<\/h3>\nActualmente, <em>Threads<\/em> no permite la navegaci\u00f3n por hashtags, lo que hace que el crecimiento org\u00e1nico sea incierto.\n<h2 style=\"font-size:35px;\">\nConclusi\u00f3n<\/h2>\nA medida que <em>Threads<\/em> se desarrolla, las caracter\u00edsticas, ventajas y desventajas pueden cambiar. Sin embargo, es importante tener en cuenta estos factores al decidir unirse a la plataforma.\t\t\t\t\t\t<\/div>\n\t\t\t\t<\/div>\n\t\t\t\t\t<\/div>\n\t\t<\/div>\n\t\t\t\t\t\t\t<\/div>\n\t\t<\/section>\n\t\t\t\t\t\t\t<\/div>","protected":false},"excerpt":{"rendered":"<p>En respuesta al constante declive de Twitter, surge Threads, la nueva red social de Mark Zuckerberg. Este es un servicio vinculado directamente a Instagram, est\u00e1 dise\u00f1ado para reemplazar a Twitter. Pero \u00bfes realmente beneficioso para los usuarios? En estas l\u00edneas, analizaremos las ventajas y desventajas de unirte a Threads en la actualidad. \u00bfQu\u00e9 es Threads [&hellip;]<\/p>","protected":false},"author":1,"featured_media":5808,"comment_status":"closed","ping_status":"closed","sticky":false,"template":"","format":"standard","meta":{"_mi_skip_tracking":false,"_monsterinsights_sitenote_active":false,"_monsterinsights_sitenote_note":"","_monsterinsights_sitenote_category":0,"_joinchat":[],"footnotes":""},"categories":[57],"tags":[],"class_list":["post-5803","post","type-post","status-publish","format-standard","has-post-thumbnail","hentry","category-blog"],"yoast_head":"<!-- This site is optimized with the Yoast SEO plugin v21.1 - https:\/\/yoast.com\/wordpress\/plugins\/seo\/ -->\n<title>\u00bfQu\u00e9 es Threads?<\/title>\n<meta name=\"description\" content=\"En respuesta al constante declive de Twitter, surge Threads, la nueva red social de Mark Zuckerberg.\" \/>\n<meta name=\"robots\" content=\"index, follow, max-snippet:-1, max-image-preview:large, max-video-preview:-1\" \/>\n<link rel=\"canonical\" href=\"https:\/\/mediapraxis.net\/en\/que-es-threads\/\" \/>\n<meta property=\"og:locale\" content=\"en_US\" \/>\n<meta property=\"og:type\" content=\"article\" \/>\n<meta property=\"og:title\" content=\"\u00bfQu\u00e9 es Threads?\" \/>\n<meta property=\"og:description\" content=\"En respuesta al constante declive de Twitter, surge Threads, la nueva red social de Mark Zuckerberg.\" \/>\n<meta property=\"og:url\" content=\"https:\/\/mediapraxis.net\/en\/que-es-threads\/\" \/>\n<meta property=\"og:site_name\" content=\"Media Praxis\" \/>\n<meta property=\"article:published_time\" content=\"2023-08-08T17:29:50+00:00\" \/>\n<meta property=\"article:modified_time\" content=\"2023-08-10T20:34:44+00:00\" \/>\n<meta property=\"og:image\" content=\"https:\/\/mediapraxis.net\/wp-content\/uploads\/2023\/08\/blog_8AGO2023.jpg\" \/>\n\t<meta property=\"og:image:width\" content=\"1300\" \/>\n\t<meta property=\"og:image:height\" content=\"876\" \/>\n\t<meta property=\"og:image:type\" content=\"image\/jpeg\" \/>\n<meta name=\"author\" content=\"@MediaPraxis\" \/>\n<meta name=\"twitter:card\" content=\"summary_large_image\" \/>\n<meta name=\"twitter:label1\" content=\"Written by\" \/>\n\t<meta name=\"twitter:data1\" content=\"@MediaPraxis\" \/>\n\t<meta name=\"twitter:label2\" content=\"Est. reading time\" \/>\n\t<meta name=\"twitter:data2\" content=\"3 minutes\" \/>\n<script type=\"application\/ld+json\" class=\"yoast-schema-graph\">{\"@context\":\"https:\/\/schema.org\",\"@graph\":[{\"@type\":\"WebPage\",\"@id\":\"https:\/\/mediapraxis.net\/que-es-threads\/\",\"url\":\"https:\/\/mediapraxis.net\/que-es-threads\/\",\"name\":\"\u00bfQu\u00e9 es Threads?\",\"isPartOf\":{\"@id\":\"https:\/\/mediapraxis.net\/#website\"},\"datePublished\":\"2023-08-08T17:29:50+00:00\",\"dateModified\":\"2023-08-10T20:34:44+00:00\",\"author\":{\"@id\":\"https:\/\/mediapraxis.net\/#\/schema\/person\/a4966c9de21ac26fb1fea0abf51c443a\"},\"description\":\"En respuesta al constante declive de Twitter, surge Threads, la nueva red social de Mark Zuckerberg.\",\"breadcrumb\":{\"@id\":\"https:\/\/mediapraxis.net\/que-es-threads\/#breadcrumb\"},\"inLanguage\":\"en-US\",\"potentialAction\":[{\"@type\":\"ReadAction\",\"target\":[\"https:\/\/mediapraxis.net\/que-es-threads\/\"]}]},{\"@type\":\"BreadcrumbList\",\"@id\":\"https:\/\/mediapraxis.net\/que-es-threads\/#breadcrumb\",\"itemListElement\":[{\"@type\":\"ListItem\",\"position\":1,\"name\":\"Portada\",\"item\":\"https:\/\/mediapraxis.net\/\"},{\"@type\":\"ListItem\",\"position\":2,\"name\":\"\u00bfQu\u00e9 es Threads?\"}]},{\"@type\":\"WebSite\",\"@id\":\"https:\/\/mediapraxis.net\/#website\",\"url\":\"https:\/\/mediapraxis.net\/\",\"name\":\"Media Praxis\",\"description\":\"Comunicaci\u00f3n digital, reputaci\u00f3n online, identidad visual y PR\",\"potentialAction\":[{\"@type\":\"SearchAction\",\"target\":{\"@type\":\"EntryPoint\",\"urlTemplate\":\"https:\/\/mediapraxis.net\/?s={search_term_string}\"},\"query-input\":\"required name=search_term_string\"}],\"inLanguage\":\"en-US\"},{\"@type\":\"Person\",\"@id\":\"https:\/\/mediapraxis.net\/#\/schema\/person\/a4966c9de21ac26fb1fea0abf51c443a\",\"name\":\"@MediaPraxis\",\"image\":{\"@type\":\"ImageObject\",\"inLanguage\":\"en-US\",\"@id\":\"https:\/\/mediapraxis.net\/#\/schema\/person\/image\/\",\"url\":\"https:\/\/secure.gravatar.com\/avatar\/ffef93fb2a8ac1a264ae76550adf8e2b47e4b9983b2dcb2970645c65ef9bd523?s=96&d=mm&r=g\",\"contentUrl\":\"https:\/\/secure.gravatar.com\/avatar\/ffef93fb2a8ac1a264ae76550adf8e2b47e4b9983b2dcb2970645c65ef9bd523?s=96&d=mm&r=g\",\"caption\":\"@MediaPraxis\"},\"sameAs\":[\"https:\/\/mediapraxis.net\/mediapraxis_2022\"],\"url\":\"https:\/\/mediapraxis.net\/en\/author\/mediapraxis\/\"}]}<\/script>\n<!-- \/ Yoast SEO plugin. -->","yoast_head_json":{"title":"\u00bfQu\u00e9 es Threads?","description":"En respuesta al constante declive de Twitter, surge Threads, la nueva red social de Mark Zuckerberg.","robots":{"index":"index","follow":"follow","max-snippet":"max-snippet:-1","max-image-preview":"max-image-preview:large","max-video-preview":"max-video-preview:-1"},"canonical":"https:\/\/mediapraxis.net\/en\/que-es-threads\/","og_locale":"en_US","og_type":"article","og_title":"\u00bfQu\u00e9 es Threads?","og_description":"En respuesta al constante declive de Twitter, surge Threads, la nueva red social de Mark Zuckerberg.","og_url":"https:\/\/mediapraxis.net\/en\/que-es-threads\/","og_site_name":"Media Praxis","article_published_time":"2023-08-08T17:29:50+00:00","article_modified_time":"2023-08-10T20:34:44+00:00","og_image":[{"width":1300,"height":876,"url":"https:\/\/mediapraxis.net\/wp-content\/uploads\/2023\/08\/blog_8AGO2023.jpg","type":"image\/jpeg"}],"author":"@MediaPraxis","twitter_card":"summary_large_image","twitter_misc":{"Written by":"@MediaPraxis","Est. reading time":"3 minutes"},"schema":{"@context":"https:\/\/schema.org","@graph":[{"@type":"WebPage","@id":"https:\/\/mediapraxis.net\/que-es-threads\/","url":"https:\/\/mediapraxis.net\/que-es-threads\/","name":"\u00bfQu\u00e9 es Threads?","isPartOf":{"@id":"https:\/\/mediapraxis.net\/#website"},"datePublished":"2023-08-08T17:29:50+00:00","dateModified":"2023-08-10T20:34:44+00:00","author":{"@id":"https:\/\/mediapraxis.net\/#\/schema\/person\/a4966c9de21ac26fb1fea0abf51c443a"},"description":"En respuesta al constante declive de Twitter, surge Threads, la nueva red social de Mark Zuckerberg.","breadcrumb":{"@id":"https:\/\/mediapraxis.net\/que-es-threads\/#breadcrumb"},"inLanguage":"en-US","potentialAction":[{"@type":"ReadAction","target":["https:\/\/mediapraxis.net\/que-es-threads\/"]}]},{"@type":"BreadcrumbList","@id":"https:\/\/mediapraxis.net\/que-es-threads\/#breadcrumb","itemListElement":[{"@type":"ListItem","position":1,"name":"Portada","item":"https:\/\/mediapraxis.net\/"},{"@type":"ListItem","position":2,"name":"\u00bfQu\u00e9 es Threads?"}]},{"@type":"WebSite","@id":"https:\/\/mediapraxis.net\/#website","url":"https:\/\/mediapraxis.net\/","name":"Media Praxis","description":"Comunicaci\u00f3n digital, reputaci\u00f3n online, identidad visual y PR","potentialAction":[{"@type":"SearchAction","target":{"@type":"EntryPoint","urlTemplate":"https:\/\/mediapraxis.net\/?s={search_term_string}"},"query-input":"required name=search_term_string"}],"inLanguage":"en-US"},{"@type":"Person","@id":"https:\/\/mediapraxis.net\/#\/schema\/person\/a4966c9de21ac26fb1fea0abf51c443a","name":"@MediaPraxis","image":{"@type":"ImageObject","inLanguage":"en-US","@id":"https:\/\/mediapraxis.net\/#\/schema\/person\/image\/","url":"https:\/\/secure.gravatar.com\/avatar\/ffef93fb2a8ac1a264ae76550adf8e2b47e4b9983b2dcb2970645c65ef9bd523?s=96&d=mm&r=g","contentUrl":"https:\/\/secure.gravatar.com\/avatar\/ffef93fb2a8ac1a264ae76550adf8e2b47e4b9983b2dcb2970645c65ef9bd523?s=96&d=mm&r=g","caption":"@MediaPraxis"},"sameAs":["https:\/\/mediapraxis.net\/mediapraxis_2022"],"url":"https:\/\/mediapraxis.net\/en\/author\/mediapraxis\/"}]}},"_links":{"self":[{"href":"https:\/\/mediapraxis.net\/en\/wp-json\/wp\/v2\/posts\/5803","targetHints":{"allow":["GET"]}}],"collection":[{"href":"https:\/\/mediapraxis.net\/en\/wp-json\/wp\/v2\/posts"}],"about":[{"href":"https:\/\/mediapraxis.net\/en\/wp-json\/wp\/v2\/types\/post"}],"author":[{"embeddable":true,"href":"https:\/\/mediapraxis.net\/en\/wp-json\/wp\/v2\/users\/1"}],"replies":[{"embeddable":true,"href":"https:\/\/mediapraxis.net\/en\/wp-json\/wp\/v2\/comments?post=5803"}],"version-history":[{"count":11,"href":"https:\/\/mediapraxis.net\/en\/wp-json\/wp\/v2\/posts\/5803\/revisions"}],"predecessor-version":[{"id":5820,"href":"https:\/\/mediapraxis.net\/en\/wp-json\/wp\/v2\/posts\/5803\/revisions\/5820"}],"wp:featuredmedia":[{"embeddable":true,"href":"https:\/\/mediapraxis.net\/en\/wp-json\/wp\/v2\/media\/5808"}],"wp:attachment":[{"href":"https:\/\/mediapraxis.net\/en\/wp-json\/wp\/v2\/media?parent=5803"}],"wp:term":[{"taxonomy":"category","embeddable":true,"href":"https:\/\/mediapraxis.net\/en\/wp-json\/wp\/v2\/categories?post=5803"},{"taxonomy":"post_tag","embeddable":true,"href":"https:\/\/mediapraxis.net\/en\/wp-json\/wp\/v2\/tags?post=5803"}],"curies":[{"name":"wp","href":"https:\/\/api.w.org\/{rel}","templated":true}]}}