{"id":4821,"date":"2019-07-17T19:38:06","date_gmt":"2019-07-18T00:38:06","guid":{"rendered":"https:\/\/mediapraxis.net\/?p=4821"},"modified":"2022-05-11T18:02:30","modified_gmt":"2022-05-11T23:02:30","slug":"videos-y-otras-tendencias-de-marketing-para-redes-sociales-2019","status":"publish","type":"post","link":"https:\/\/mediapraxis.net\/en\/videos-y-otras-tendencias-de-marketing-para-redes-sociales-2019\/","title":{"rendered":"Videos y otras tendencias de marketing para redes sociales 2019"},"content":{"rendered":"<div data-elementor-type=\"wp-post\" data-elementor-id=\"4821\" class=\"elementor elementor-4821\">\n\t\t\t\t\t\t\t\t\t<section class=\"elementor-section elementor-top-section elementor-element elementor-element-e4b5d23 elementor-section-boxed elementor-section-height-default elementor-section-height-default qodef-elementor-content-no\" data-id=\"e4b5d23\" data-element_type=\"section\">\n\t\t\t\t\t\t<div class=\"elementor-container elementor-column-gap-default\">\n\t\t\t\t\t<div class=\"elementor-column elementor-col-100 elementor-top-column elementor-element elementor-element-c9482db\" data-id=\"c9482db\" data-element_type=\"column\">\n\t\t\t<div class=\"elementor-widget-wrap elementor-element-populated\">\n\t\t\t\t\t\t\t\t<div class=\"elementor-element elementor-element-dee9ab1 elementor-widget elementor-widget-text-editor\" data-id=\"dee9ab1\" data-element_type=\"widget\" data-widget_type=\"text-editor.default\">\n\t\t\t\t<div class=\"elementor-widget-container\">\n\t\t\t<style>\/*! elementor - v3.15.0 - 09-08-2023 *\/\n.elementor-widget-text-editor.elementor-drop-cap-view-stacked .elementor-drop-cap{background-color:#69727d;color:#fff}.elementor-widget-text-editor.elementor-drop-cap-view-framed .elementor-drop-cap{color:#69727d;border:3px solid;background-color:transparent}.elementor-widget-text-editor:not(.elementor-drop-cap-view-default) .elementor-drop-cap{margin-top:8px}.elementor-widget-text-editor:not(.elementor-drop-cap-view-default) .elementor-drop-cap-letter{width:1em;height:1em}.elementor-widget-text-editor .elementor-drop-cap{float:left;text-align:center;line-height:1;font-size:50px}.elementor-widget-text-editor .elementor-drop-cap-letter{display:inline-block}<\/style>\t\t\t\t<h4><span style=\"color: #000000;\">#1 Los videos siguen en la tendencia<\/span><\/h4><p>Es una realidad, los usuarios prefieren consumir contenido a trav\u00e9s de videos. Aunque las fotograf\u00edas, post, gifs, son importantes, tenemos que incluir videos como una herramienta primordial.<\/p><p>Lo bueno de incluir los videos es que estar\u00edas conectando con una audiencia m\u00e1s joven en su mayor\u00eda. Si tu p\u00fablico es m\u00e1s adulto igualmente resulta un formato m\u00e1s entretenido para cualquier audiencia.<\/p><p><span style=\"color: #000000;\"><strong>Seg\u00fan un informe de ComScore, en el Per\u00fa los usuarios digitales miran en promedio m\u00e1s de 300 v\u00eddeos de forma mensual, ocupando 3.5 minutos en cada v\u00eddeo. Cifra que convierte al pa\u00eds en el mayor consumidor de v\u00eddeos digitales de la regi\u00f3n.<\/strong><\/span><\/p><h4><span style=\"color: #000000;\">#2 Las historias en Facebook o Instagram<\/span><\/h4><p><span style=\"color: #000000;\"><strong>Un hecho que llama la atenci\u00f3n es que actualmente, hay m\u00e1s usuarios en Instagram Stories (200 millones activos al d\u00eda).<\/strong><\/span><\/p><p>\u00bfDe qu\u00e9 trata? Son fotos o videos que suben los usuarios pero que desaparecen en 24 horas. Las \u201cstories\u201d se han convertido en eso: historias para contar.<\/p><p>Acompa\u00f1adas de etiquetas hacen que el p\u00fablico y tu marca tengan esa conexi\u00f3n tan especial. Ahora, te preguntar\u00e1s \u00bfqu\u00e9 son las etiquetas?, pues son herramientas de las mismas redes sociales (etiqueta de ubicaci\u00f3n, etiqueta de la hora, etiqueta de preguntas o encuestas), estamos seguros que con el uso de \u00e9stas tus historias estar\u00e1n m\u00e1s destacadas. \u00a1Alto! No olvides el uso de gifs, que se ha convertido en las preferidas de todas las plataformas.<\/p><h4><u><\/u><span style=\"color: #000000;\">#3 Los micro-influencers<\/span><\/h4><p>Ahora las marcas ya no apuestan mucho por los grandes influencers con millones de seguidores, aunque en el mundo offline funcionan muy bien, en el mundo online ning\u00fan gran influencer puede atender a una comunidad de manera personalizada.<\/p><p><span style=\"color: #000000;\"><strong>Las marcas ahora buscan influencers con menos de 10,000 seguidores para que promocionen sus productos o servicios, \u00bfla raz\u00f3n? Pueden atender a su comunidad, acercarse m\u00e1s a ellos y generar ventas.<\/strong><\/span><\/p><h4><span style=\"color: #000000;\">#4 \u00a1El contenido sigue en crecimiento!<\/span><\/h4><p>Primero debes pensar qu\u00e9 te diferencia de tu competencia y c\u00f3mo puedes brindar contenido para que el p\u00fablico te elija por encima de los dem\u00e1s. Es un proceso que conlleva mucha dedicaci\u00f3n y que definitivamente es recompensado cuando vamos obteniendo m\u00e1s seguidores, m\u00e1s comentarios y por ende m\u00e1s ventas. \u00a1No te impacientes! Todo esto es un proceso, \u00a1disfruta del camino!<\/p><p>Recuerda que en\u00a0<span style=\"color: #000000;\"><a style=\"color: #000000;\" href=\"https:\/\/mediapraxis.net\/en\/\">www.mediapraxis.net<\/a><\/span> podemos ayudarte a impulsar tu marca con las \u00faltimas tendencias, tenemos paquetes especiales para los emprendedores, escr\u00edbenos a:\u00a0<span style=\"color: #32ade0;\"><a style=\"color: #32ade0;\" href=\"mailto:comunicaciondigital@mediapraxis.net\">comunicaciondigital@mediapraxis.net<\/a><\/span><\/p>\t\t\t\t\t\t<\/div>\n\t\t\t\t<\/div>\n\t\t\t\t\t<\/div>\n\t\t<\/div>\n\t\t\t\t\t\t\t<\/div>\n\t\t<\/section>\n\t\t\t\t\t\t\t<\/div>","protected":false},"excerpt":{"rendered":"<p>#1 Los videos siguen en la tendencia Es una realidad, los usuarios prefieren consumir contenido a trav\u00e9s de videos. Aunque las fotograf\u00edas, post, gifs, son importantes, tenemos que incluir videos como una herramienta primordial. Lo bueno de incluir los videos es que estar\u00edas conectando con una audiencia m\u00e1s joven en su mayor\u00eda. Si tu p\u00fablico [&hellip;]<\/p>","protected":false},"author":1,"featured_media":5483,"comment_status":"closed","ping_status":"closed","sticky":false,"template":"","format":"standard","meta":{"_mi_skip_tracking":false,"_monsterinsights_sitenote_active":false,"_monsterinsights_sitenote_note":"","_monsterinsights_sitenote_category":0,"_joinchat":[],"footnotes":""},"categories":[57],"tags":[],"class_list":["post-4821","post","type-post","status-publish","format-standard","has-post-thumbnail","hentry","category-blog"],"yoast_head":"<!-- This site is optimized with the Yoast SEO plugin v21.1 - https:\/\/yoast.com\/wordpress\/plugins\/seo\/ -->\n<title>Videos y otras tendencias de marketing para redes sociales 2019<\/title>\n<meta name=\"description\" content=\"Los videos siguen en la tendencia principal. Las historias de Instagram y Facebook no se quedan atr\u00e1s. Los micro-influencers.\" \/>\n<meta name=\"robots\" content=\"index, follow, max-snippet:-1, max-image-preview:large, max-video-preview:-1\" \/>\n<link rel=\"canonical\" href=\"https:\/\/mediapraxis.net\/en\/videos-y-otras-tendencias-de-marketing-para-redes-sociales-2019\/\" \/>\n<meta property=\"og:locale\" content=\"en_US\" \/>\n<meta property=\"og:type\" content=\"article\" \/>\n<meta property=\"og:title\" content=\"Videos y otras tendencias de marketing para redes sociales 2019\" \/>\n<meta property=\"og:description\" content=\"Los videos siguen en la tendencia principal. Las historias de Instagram y Facebook no se quedan atr\u00e1s. Los micro-influencers.\" \/>\n<meta property=\"og:url\" content=\"https:\/\/mediapraxis.net\/en\/videos-y-otras-tendencias-de-marketing-para-redes-sociales-2019\/\" \/>\n<meta property=\"og:site_name\" content=\"Media Praxis\" \/>\n<meta property=\"article:published_time\" content=\"2019-07-18T00:38:06+00:00\" \/>\n<meta property=\"article:modified_time\" content=\"2022-05-11T23:02:30+00:00\" \/>\n<meta property=\"og:image\" content=\"https:\/\/mediapraxis.net\/wp-content\/uploads\/2020\/07\/blog_17JUL2019.jpg\" \/>\n\t<meta property=\"og:image:width\" content=\"960\" \/>\n\t<meta property=\"og:image:height\" content=\"560\" \/>\n\t<meta property=\"og:image:type\" content=\"image\/jpeg\" \/>\n<meta name=\"author\" content=\"@MediaPraxis\" \/>\n<meta name=\"twitter:card\" content=\"summary_large_image\" \/>\n<meta name=\"twitter:label1\" content=\"Written by\" \/>\n\t<meta name=\"twitter:data1\" content=\"@MediaPraxis\" \/>\n\t<meta name=\"twitter:label2\" content=\"Est. reading time\" \/>\n\t<meta name=\"twitter:data2\" content=\"2 minutes\" \/>\n<script type=\"application\/ld+json\" class=\"yoast-schema-graph\">{\"@context\":\"https:\/\/schema.org\",\"@graph\":[{\"@type\":\"WebPage\",\"@id\":\"https:\/\/mediapraxis.net\/videos-y-otras-tendencias-de-marketing-para-redes-sociales-2019\/\",\"url\":\"https:\/\/mediapraxis.net\/videos-y-otras-tendencias-de-marketing-para-redes-sociales-2019\/\",\"name\":\"Videos y otras tendencias de marketing para redes sociales 2019\",\"isPartOf\":{\"@id\":\"https:\/\/mediapraxis.net\/#website\"},\"datePublished\":\"2019-07-18T00:38:06+00:00\",\"dateModified\":\"2022-05-11T23:02:30+00:00\",\"author\":{\"@id\":\"https:\/\/mediapraxis.net\/#\/schema\/person\/a4966c9de21ac26fb1fea0abf51c443a\"},\"description\":\"Los videos siguen en la tendencia principal. Las historias de Instagram y Facebook no se quedan atr\u00e1s. Los micro-influencers.\",\"breadcrumb\":{\"@id\":\"https:\/\/mediapraxis.net\/videos-y-otras-tendencias-de-marketing-para-redes-sociales-2019\/#breadcrumb\"},\"inLanguage\":\"en-US\",\"potentialAction\":[{\"@type\":\"ReadAction\",\"target\":[\"https:\/\/mediapraxis.net\/videos-y-otras-tendencias-de-marketing-para-redes-sociales-2019\/\"]}]},{\"@type\":\"BreadcrumbList\",\"@id\":\"https:\/\/mediapraxis.net\/videos-y-otras-tendencias-de-marketing-para-redes-sociales-2019\/#breadcrumb\",\"itemListElement\":[{\"@type\":\"ListItem\",\"position\":1,\"name\":\"Portada\",\"item\":\"https:\/\/mediapraxis.net\/\"},{\"@type\":\"ListItem\",\"position\":2,\"name\":\"Videos y otras tendencias de marketing para redes sociales 2019\"}]},{\"@type\":\"WebSite\",\"@id\":\"https:\/\/mediapraxis.net\/#website\",\"url\":\"https:\/\/mediapraxis.net\/\",\"name\":\"Media Praxis\",\"description\":\"Comunicaci\u00f3n digital, reputaci\u00f3n online, identidad visual y PR\",\"potentialAction\":[{\"@type\":\"SearchAction\",\"target\":{\"@type\":\"EntryPoint\",\"urlTemplate\":\"https:\/\/mediapraxis.net\/?s={search_term_string}\"},\"query-input\":\"required name=search_term_string\"}],\"inLanguage\":\"en-US\"},{\"@type\":\"Person\",\"@id\":\"https:\/\/mediapraxis.net\/#\/schema\/person\/a4966c9de21ac26fb1fea0abf51c443a\",\"name\":\"@MediaPraxis\",\"image\":{\"@type\":\"ImageObject\",\"inLanguage\":\"en-US\",\"@id\":\"https:\/\/mediapraxis.net\/#\/schema\/person\/image\/\",\"url\":\"https:\/\/secure.gravatar.com\/avatar\/ffef93fb2a8ac1a264ae76550adf8e2b47e4b9983b2dcb2970645c65ef9bd523?s=96&d=mm&r=g\",\"contentUrl\":\"https:\/\/secure.gravatar.com\/avatar\/ffef93fb2a8ac1a264ae76550adf8e2b47e4b9983b2dcb2970645c65ef9bd523?s=96&d=mm&r=g\",\"caption\":\"@MediaPraxis\"},\"sameAs\":[\"https:\/\/mediapraxis.net\/mediapraxis_2022\"],\"url\":\"https:\/\/mediapraxis.net\/en\/author\/mediapraxis\/\"}]}<\/script>\n<!-- \/ Yoast SEO plugin. -->","yoast_head_json":{"title":"Videos y otras tendencias de marketing para redes sociales 2019","description":"Los videos siguen en la tendencia principal. Las historias de Instagram y Facebook no se quedan atr\u00e1s. Los micro-influencers.","robots":{"index":"index","follow":"follow","max-snippet":"max-snippet:-1","max-image-preview":"max-image-preview:large","max-video-preview":"max-video-preview:-1"},"canonical":"https:\/\/mediapraxis.net\/en\/videos-y-otras-tendencias-de-marketing-para-redes-sociales-2019\/","og_locale":"en_US","og_type":"article","og_title":"Videos y otras tendencias de marketing para redes sociales 2019","og_description":"Los videos siguen en la tendencia principal. Las historias de Instagram y Facebook no se quedan atr\u00e1s. Los micro-influencers.","og_url":"https:\/\/mediapraxis.net\/en\/videos-y-otras-tendencias-de-marketing-para-redes-sociales-2019\/","og_site_name":"Media Praxis","article_published_time":"2019-07-18T00:38:06+00:00","article_modified_time":"2022-05-11T23:02:30+00:00","og_image":[{"width":960,"height":560,"url":"https:\/\/mediapraxis.net\/wp-content\/uploads\/2020\/07\/blog_17JUL2019.jpg","type":"image\/jpeg"}],"author":"@MediaPraxis","twitter_card":"summary_large_image","twitter_misc":{"Written by":"@MediaPraxis","Est. reading time":"2 minutes"},"schema":{"@context":"https:\/\/schema.org","@graph":[{"@type":"WebPage","@id":"https:\/\/mediapraxis.net\/videos-y-otras-tendencias-de-marketing-para-redes-sociales-2019\/","url":"https:\/\/mediapraxis.net\/videos-y-otras-tendencias-de-marketing-para-redes-sociales-2019\/","name":"Videos y otras tendencias de marketing para redes sociales 2019","isPartOf":{"@id":"https:\/\/mediapraxis.net\/#website"},"datePublished":"2019-07-18T00:38:06+00:00","dateModified":"2022-05-11T23:02:30+00:00","author":{"@id":"https:\/\/mediapraxis.net\/#\/schema\/person\/a4966c9de21ac26fb1fea0abf51c443a"},"description":"Los videos siguen en la tendencia principal. Las historias de Instagram y Facebook no se quedan atr\u00e1s. Los micro-influencers.","breadcrumb":{"@id":"https:\/\/mediapraxis.net\/videos-y-otras-tendencias-de-marketing-para-redes-sociales-2019\/#breadcrumb"},"inLanguage":"en-US","potentialAction":[{"@type":"ReadAction","target":["https:\/\/mediapraxis.net\/videos-y-otras-tendencias-de-marketing-para-redes-sociales-2019\/"]}]},{"@type":"BreadcrumbList","@id":"https:\/\/mediapraxis.net\/videos-y-otras-tendencias-de-marketing-para-redes-sociales-2019\/#breadcrumb","itemListElement":[{"@type":"ListItem","position":1,"name":"Portada","item":"https:\/\/mediapraxis.net\/"},{"@type":"ListItem","position":2,"name":"Videos y otras tendencias de marketing para redes sociales 2019"}]},{"@type":"WebSite","@id":"https:\/\/mediapraxis.net\/#website","url":"https:\/\/mediapraxis.net\/","name":"Media Praxis","description":"Comunicaci\u00f3n digital, reputaci\u00f3n online, identidad visual y PR","potentialAction":[{"@type":"SearchAction","target":{"@type":"EntryPoint","urlTemplate":"https:\/\/mediapraxis.net\/?s={search_term_string}"},"query-input":"required name=search_term_string"}],"inLanguage":"en-US"},{"@type":"Person","@id":"https:\/\/mediapraxis.net\/#\/schema\/person\/a4966c9de21ac26fb1fea0abf51c443a","name":"@MediaPraxis","image":{"@type":"ImageObject","inLanguage":"en-US","@id":"https:\/\/mediapraxis.net\/#\/schema\/person\/image\/","url":"https:\/\/secure.gravatar.com\/avatar\/ffef93fb2a8ac1a264ae76550adf8e2b47e4b9983b2dcb2970645c65ef9bd523?s=96&d=mm&r=g","contentUrl":"https:\/\/secure.gravatar.com\/avatar\/ffef93fb2a8ac1a264ae76550adf8e2b47e4b9983b2dcb2970645c65ef9bd523?s=96&d=mm&r=g","caption":"@MediaPraxis"},"sameAs":["https:\/\/mediapraxis.net\/mediapraxis_2022"],"url":"https:\/\/mediapraxis.net\/en\/author\/mediapraxis\/"}]}},"_links":{"self":[{"href":"https:\/\/mediapraxis.net\/en\/wp-json\/wp\/v2\/posts\/4821","targetHints":{"allow":["GET"]}}],"collection":[{"href":"https:\/\/mediapraxis.net\/en\/wp-json\/wp\/v2\/posts"}],"about":[{"href":"https:\/\/mediapraxis.net\/en\/wp-json\/wp\/v2\/types\/post"}],"author":[{"embeddable":true,"href":"https:\/\/mediapraxis.net\/en\/wp-json\/wp\/v2\/users\/1"}],"replies":[{"embeddable":true,"href":"https:\/\/mediapraxis.net\/en\/wp-json\/wp\/v2\/comments?post=4821"}],"version-history":[{"count":6,"href":"https:\/\/mediapraxis.net\/en\/wp-json\/wp\/v2\/posts\/4821\/revisions"}],"predecessor-version":[{"id":5636,"href":"https:\/\/mediapraxis.net\/en\/wp-json\/wp\/v2\/posts\/4821\/revisions\/5636"}],"wp:featuredmedia":[{"embeddable":true,"href":"https:\/\/mediapraxis.net\/en\/wp-json\/wp\/v2\/media\/5483"}],"wp:attachment":[{"href":"https:\/\/mediapraxis.net\/en\/wp-json\/wp\/v2\/media?parent=4821"}],"wp:term":[{"taxonomy":"category","embeddable":true,"href":"https:\/\/mediapraxis.net\/en\/wp-json\/wp\/v2\/categories?post=4821"},{"taxonomy":"post_tag","embeddable":true,"href":"https:\/\/mediapraxis.net\/en\/wp-json\/wp\/v2\/tags?post=4821"}],"curies":[{"name":"wp","href":"https:\/\/api.w.org\/{rel}","templated":true}]}}