{"id":4816,"date":"2019-08-20T19:31:51","date_gmt":"2019-08-21T00:31:51","guid":{"rendered":"https:\/\/mediapraxis.net\/?p=4816"},"modified":"2022-05-20T11:28:59","modified_gmt":"2022-05-20T16:28:59","slug":"medidas-de-imagenes-para-las-redes-sociales","status":"publish","type":"post","link":"https:\/\/mediapraxis.net\/en\/medidas-de-imagenes-para-las-redes-sociales\/","title":{"rendered":"Medidas de im\u00e1genes para las redes sociales"},"content":{"rendered":"<div data-elementor-type=\"wp-post\" data-elementor-id=\"4816\" class=\"elementor elementor-4816\">\n\t\t\t\t\t\t\t\t\t<section class=\"elementor-section elementor-top-section elementor-element elementor-element-e4b5d23 elementor-section-boxed elementor-section-height-default elementor-section-height-default qodef-elementor-content-no\" data-id=\"e4b5d23\" data-element_type=\"section\">\n\t\t\t\t\t\t<div class=\"elementor-container elementor-column-gap-default\">\n\t\t\t\t\t<div class=\"elementor-column elementor-col-100 elementor-top-column elementor-element elementor-element-c9482db\" data-id=\"c9482db\" data-element_type=\"column\">\n\t\t\t<div class=\"elementor-widget-wrap elementor-element-populated\">\n\t\t\t\t\t\t\t\t<div class=\"elementor-element elementor-element-dee9ab1 elementor-widget elementor-widget-text-editor\" data-id=\"dee9ab1\" data-element_type=\"widget\" data-widget_type=\"text-editor.default\">\n\t\t\t\t<div class=\"elementor-widget-container\">\n\t\t\t<style>\/*! elementor - v3.15.0 - 09-08-2023 *\/\n.elementor-widget-text-editor.elementor-drop-cap-view-stacked .elementor-drop-cap{background-color:#69727d;color:#fff}.elementor-widget-text-editor.elementor-drop-cap-view-framed .elementor-drop-cap{color:#69727d;border:3px solid;background-color:transparent}.elementor-widget-text-editor:not(.elementor-drop-cap-view-default) .elementor-drop-cap{margin-top:8px}.elementor-widget-text-editor:not(.elementor-drop-cap-view-default) .elementor-drop-cap-letter{width:1em;height:1em}.elementor-widget-text-editor .elementor-drop-cap{float:left;text-align:center;line-height:1;font-size:50px}.elementor-widget-text-editor .elementor-drop-cap-letter{display:inline-block}<\/style>\t\t\t\t<p>Tenemos para ti una gu\u00eda de las medidas principales de cada red social (<a href=\"https:\/\/agenciarespira.com\/tamano-de-las-imagenes-en-redes-sociales-en-2021\/\">tama\u00f1o m\u00e1ximo, peso y formato<\/a>) te servir\u00e1 para que los gr\u00e1ficos siempre se vean bien y con alta calidad.<\/p>\n<p>Lo ideal es que las im\u00e1genes no se vean pixeladas o distorsionadas, puesto que un contenido con im\u00e1genes relevantes tiene un 94% m\u00e1s de visualizaciones. Y sabemos que las im\u00e1genes son clave para mostrar tu marca o producto, as\u00ed como incrementar la participaci\u00f3n e interacci\u00f3n de tu audiencia.<\/p>\n<h4><span style=\"color: #000000;\">Medidas de Twitter<\/span><\/h4>\n<p><span style=\"color: #000000;\"><strong>Foto perfil<\/strong>:<\/span> 400 x 400px<\/p>\n<p><span style=\"color: #000000;\"><strong>Foto cabecera<\/strong>:<\/span> 1500 x 500px<\/p>\n<p><span style=\"color: #000000;\"><strong>Foto en tweet<\/strong>:<\/span> 1024 x 512px<\/p>\n<h4><strong><u><br><\/u><\/strong><span style=\"color: #000000;\">Tama\u00f1os para Facebook<\/span><\/h4>\n<p><span style=\"color: #000000;\"><strong>Foto perfil:<\/strong><\/span>&nbsp;180 x 180px<\/p>\n<p><span style=\"color: #000000;\"><strong>Foto portada:<\/strong><\/span>&nbsp;851 x 315px<\/p>\n<p><span style=\"color: #000000;\"><strong>Imagen para publicaci\u00f3n cuadrada:<\/strong><\/span>&nbsp;1200 x 1200px<\/p>\n<p><span style=\"color: #000000;\"><strong>Imagen para publicaci\u00f3n horizontal:<\/strong><\/span>&nbsp; 1200 x 900px<\/p>\n<p><span style=\"color: #000000;\"><strong>Imagen enlaces:<\/strong><\/span>&nbsp;1200 x 628px<\/p>\n<p><span style=\"color: #000000;\"><strong>Pesta\u00f1a Facebook:<\/strong><\/span>&nbsp;810px ancho<\/p>\n<h4><strong><u><br><\/u><\/strong><span style=\"color: #000000;\">Medidas de Instagram<\/span><\/h4>\n<p><span style=\"color: #000000;\"><strong>Foto perfil:<\/strong><\/span>&nbsp;110 x 110px<\/p>\n<p><span style=\"color: #000000;\"><strong>Foto Instagram:<\/strong><\/span>&nbsp;640 x 640px<\/p>\n<h4><strong><u><br><\/u><\/strong><span style=\"color: #000000;\">Caracter\u00edsticas para YouTube<\/span><\/h4>\n<p><span style=\"color: #000000;\"><strong>Cabecera canal<\/strong>:<\/span> 2560 x 1140px<\/p>\n<p><span style=\"color: #000000;\"><strong>V\u00eddeo youtube:<\/strong><\/span>&nbsp;1280 x 760px<\/p>\n<p><span style=\"color: #000000;\"><strong>Imagen miniatura video:<\/strong><\/span>&nbsp;1280 x 720px<\/p>\n<h4><strong><u><br><\/u><\/strong><span style=\"color: #000000;\">Tama\u00f1os para LinkedIn<\/span><\/h4>\n<p><span style=\"color: #000000;\"><strong>Logo p\u00e1gina empresa:<\/strong><\/span>&nbsp;100 x 60px<\/p>\n<p><span style=\"color: #000000;\"><strong>Background perfil:<\/strong><\/span>&nbsp;&nbsp;1400 x 425px<\/p>\t\t\t\t\t\t<\/div>\n\t\t\t\t<\/div>\n\t\t\t\t\t<\/div>\n\t\t<\/div>\n\t\t\t\t\t\t\t<\/div>\n\t\t<\/section>\n\t\t\t\t\t\t\t<\/div>","protected":false},"excerpt":{"rendered":"<p>Tenemos para ti una gu\u00eda de las medidas principales de cada red social (tama\u00f1o m\u00e1ximo, peso y formato) te servir\u00e1 para que los gr\u00e1ficos siempre se vean bien y con alta calidad. Lo ideal es que las im\u00e1genes no se vean pixeladas o distorsionadas, puesto que un contenido con im\u00e1genes relevantes tiene un 94% m\u00e1s [&hellip;]<\/p>","protected":false},"author":1,"featured_media":5484,"comment_status":"closed","ping_status":"closed","sticky":false,"template":"","format":"standard","meta":{"_mi_skip_tracking":false,"_monsterinsights_sitenote_active":false,"_monsterinsights_sitenote_note":"","_monsterinsights_sitenote_category":0,"_joinchat":[],"footnotes":""},"categories":[57],"tags":[],"class_list":["post-4816","post","type-post","status-publish","format-standard","has-post-thumbnail","hentry","category-blog"],"yoast_head":"<!-- This site is optimized with the Yoast SEO plugin v21.1 - https:\/\/yoast.com\/wordpress\/plugins\/seo\/ -->\n<title>Medidas de im\u00e1genes para las redes sociales<\/title>\n<meta name=\"description\" content=\"Tenemos para ti una gu\u00eda de las medidas de im\u00e1genes para las principales redes sociales (tama\u00f1o m\u00e1ximo, peso y formato).\" \/>\n<meta name=\"robots\" content=\"index, follow, max-snippet:-1, max-image-preview:large, max-video-preview:-1\" \/>\n<link rel=\"canonical\" href=\"https:\/\/mediapraxis.net\/en\/medidas-de-imagenes-para-las-redes-sociales\/\" \/>\n<meta property=\"og:locale\" content=\"en_US\" \/>\n<meta property=\"og:type\" content=\"article\" \/>\n<meta property=\"og:title\" content=\"Medidas de im\u00e1genes para las redes sociales\" \/>\n<meta property=\"og:description\" content=\"Tenemos para ti una gu\u00eda de las medidas de im\u00e1genes para las principales redes sociales (tama\u00f1o m\u00e1ximo, peso y formato).\" \/>\n<meta property=\"og:url\" content=\"https:\/\/mediapraxis.net\/en\/medidas-de-imagenes-para-las-redes-sociales\/\" \/>\n<meta property=\"og:site_name\" content=\"Media Praxis\" \/>\n<meta property=\"article:published_time\" content=\"2019-08-21T00:31:51+00:00\" \/>\n<meta property=\"article:modified_time\" content=\"2022-05-20T16:28:59+00:00\" \/>\n<meta property=\"og:image\" content=\"https:\/\/mediapraxis.net\/wp-content\/uploads\/2020\/07\/blog_20AGO2019.jpg\" \/>\n\t<meta property=\"og:image:width\" content=\"960\" \/>\n\t<meta property=\"og:image:height\" content=\"560\" \/>\n\t<meta property=\"og:image:type\" content=\"image\/jpeg\" \/>\n<meta name=\"author\" content=\"@MediaPraxis\" \/>\n<meta name=\"twitter:card\" content=\"summary_large_image\" \/>\n<meta name=\"twitter:label1\" content=\"Written by\" \/>\n\t<meta name=\"twitter:data1\" content=\"@MediaPraxis\" \/>\n\t<meta name=\"twitter:label2\" content=\"Est. reading time\" \/>\n\t<meta name=\"twitter:data2\" content=\"1 minute\" \/>\n<script type=\"application\/ld+json\" class=\"yoast-schema-graph\">{\"@context\":\"https:\/\/schema.org\",\"@graph\":[{\"@type\":\"WebPage\",\"@id\":\"https:\/\/mediapraxis.net\/medidas-de-imagenes-para-las-redes-sociales\/\",\"url\":\"https:\/\/mediapraxis.net\/medidas-de-imagenes-para-las-redes-sociales\/\",\"name\":\"Medidas de im\u00e1genes para las redes sociales\",\"isPartOf\":{\"@id\":\"https:\/\/mediapraxis.net\/#website\"},\"datePublished\":\"2019-08-21T00:31:51+00:00\",\"dateModified\":\"2022-05-20T16:28:59+00:00\",\"author\":{\"@id\":\"https:\/\/mediapraxis.net\/#\/schema\/person\/a4966c9de21ac26fb1fea0abf51c443a\"},\"description\":\"Tenemos para ti una gu\u00eda de las medidas de im\u00e1genes para las principales redes sociales (tama\u00f1o m\u00e1ximo, peso y formato).\",\"breadcrumb\":{\"@id\":\"https:\/\/mediapraxis.net\/medidas-de-imagenes-para-las-redes-sociales\/#breadcrumb\"},\"inLanguage\":\"en-US\",\"potentialAction\":[{\"@type\":\"ReadAction\",\"target\":[\"https:\/\/mediapraxis.net\/medidas-de-imagenes-para-las-redes-sociales\/\"]}]},{\"@type\":\"BreadcrumbList\",\"@id\":\"https:\/\/mediapraxis.net\/medidas-de-imagenes-para-las-redes-sociales\/#breadcrumb\",\"itemListElement\":[{\"@type\":\"ListItem\",\"position\":1,\"name\":\"Portada\",\"item\":\"https:\/\/mediapraxis.net\/\"},{\"@type\":\"ListItem\",\"position\":2,\"name\":\"Medidas de im\u00e1genes para las redes sociales\"}]},{\"@type\":\"WebSite\",\"@id\":\"https:\/\/mediapraxis.net\/#website\",\"url\":\"https:\/\/mediapraxis.net\/\",\"name\":\"Media Praxis\",\"description\":\"Comunicaci\u00f3n digital, reputaci\u00f3n online, identidad visual y PR\",\"potentialAction\":[{\"@type\":\"SearchAction\",\"target\":{\"@type\":\"EntryPoint\",\"urlTemplate\":\"https:\/\/mediapraxis.net\/?s={search_term_string}\"},\"query-input\":\"required name=search_term_string\"}],\"inLanguage\":\"en-US\"},{\"@type\":\"Person\",\"@id\":\"https:\/\/mediapraxis.net\/#\/schema\/person\/a4966c9de21ac26fb1fea0abf51c443a\",\"name\":\"@MediaPraxis\",\"image\":{\"@type\":\"ImageObject\",\"inLanguage\":\"en-US\",\"@id\":\"https:\/\/mediapraxis.net\/#\/schema\/person\/image\/\",\"url\":\"https:\/\/secure.gravatar.com\/avatar\/ffef93fb2a8ac1a264ae76550adf8e2b47e4b9983b2dcb2970645c65ef9bd523?s=96&d=mm&r=g\",\"contentUrl\":\"https:\/\/secure.gravatar.com\/avatar\/ffef93fb2a8ac1a264ae76550adf8e2b47e4b9983b2dcb2970645c65ef9bd523?s=96&d=mm&r=g\",\"caption\":\"@MediaPraxis\"},\"sameAs\":[\"https:\/\/mediapraxis.net\/mediapraxis_2022\"],\"url\":\"https:\/\/mediapraxis.net\/en\/author\/mediapraxis\/\"}]}<\/script>\n<!-- \/ Yoast SEO plugin. -->","yoast_head_json":{"title":"Medidas de im\u00e1genes para las redes sociales","description":"Tenemos para ti una gu\u00eda de las medidas de im\u00e1genes para las principales redes sociales (tama\u00f1o m\u00e1ximo, peso y formato).","robots":{"index":"index","follow":"follow","max-snippet":"max-snippet:-1","max-image-preview":"max-image-preview:large","max-video-preview":"max-video-preview:-1"},"canonical":"https:\/\/mediapraxis.net\/en\/medidas-de-imagenes-para-las-redes-sociales\/","og_locale":"en_US","og_type":"article","og_title":"Medidas de im\u00e1genes para las redes sociales","og_description":"Tenemos para ti una gu\u00eda de las medidas de im\u00e1genes para las principales redes sociales (tama\u00f1o m\u00e1ximo, peso y formato).","og_url":"https:\/\/mediapraxis.net\/en\/medidas-de-imagenes-para-las-redes-sociales\/","og_site_name":"Media Praxis","article_published_time":"2019-08-21T00:31:51+00:00","article_modified_time":"2022-05-20T16:28:59+00:00","og_image":[{"width":960,"height":560,"url":"https:\/\/mediapraxis.net\/wp-content\/uploads\/2020\/07\/blog_20AGO2019.jpg","type":"image\/jpeg"}],"author":"@MediaPraxis","twitter_card":"summary_large_image","twitter_misc":{"Written by":"@MediaPraxis","Est. reading time":"1 minute"},"schema":{"@context":"https:\/\/schema.org","@graph":[{"@type":"WebPage","@id":"https:\/\/mediapraxis.net\/medidas-de-imagenes-para-las-redes-sociales\/","url":"https:\/\/mediapraxis.net\/medidas-de-imagenes-para-las-redes-sociales\/","name":"Medidas de im\u00e1genes para las redes sociales","isPartOf":{"@id":"https:\/\/mediapraxis.net\/#website"},"datePublished":"2019-08-21T00:31:51+00:00","dateModified":"2022-05-20T16:28:59+00:00","author":{"@id":"https:\/\/mediapraxis.net\/#\/schema\/person\/a4966c9de21ac26fb1fea0abf51c443a"},"description":"Tenemos para ti una gu\u00eda de las medidas de im\u00e1genes para las principales redes sociales (tama\u00f1o m\u00e1ximo, peso y formato).","breadcrumb":{"@id":"https:\/\/mediapraxis.net\/medidas-de-imagenes-para-las-redes-sociales\/#breadcrumb"},"inLanguage":"en-US","potentialAction":[{"@type":"ReadAction","target":["https:\/\/mediapraxis.net\/medidas-de-imagenes-para-las-redes-sociales\/"]}]},{"@type":"BreadcrumbList","@id":"https:\/\/mediapraxis.net\/medidas-de-imagenes-para-las-redes-sociales\/#breadcrumb","itemListElement":[{"@type":"ListItem","position":1,"name":"Portada","item":"https:\/\/mediapraxis.net\/"},{"@type":"ListItem","position":2,"name":"Medidas de im\u00e1genes para las redes sociales"}]},{"@type":"WebSite","@id":"https:\/\/mediapraxis.net\/#website","url":"https:\/\/mediapraxis.net\/","name":"Media Praxis","description":"Comunicaci\u00f3n digital, reputaci\u00f3n online, identidad visual y PR","potentialAction":[{"@type":"SearchAction","target":{"@type":"EntryPoint","urlTemplate":"https:\/\/mediapraxis.net\/?s={search_term_string}"},"query-input":"required name=search_term_string"}],"inLanguage":"en-US"},{"@type":"Person","@id":"https:\/\/mediapraxis.net\/#\/schema\/person\/a4966c9de21ac26fb1fea0abf51c443a","name":"@MediaPraxis","image":{"@type":"ImageObject","inLanguage":"en-US","@id":"https:\/\/mediapraxis.net\/#\/schema\/person\/image\/","url":"https:\/\/secure.gravatar.com\/avatar\/ffef93fb2a8ac1a264ae76550adf8e2b47e4b9983b2dcb2970645c65ef9bd523?s=96&d=mm&r=g","contentUrl":"https:\/\/secure.gravatar.com\/avatar\/ffef93fb2a8ac1a264ae76550adf8e2b47e4b9983b2dcb2970645c65ef9bd523?s=96&d=mm&r=g","caption":"@MediaPraxis"},"sameAs":["https:\/\/mediapraxis.net\/mediapraxis_2022"],"url":"https:\/\/mediapraxis.net\/en\/author\/mediapraxis\/"}]}},"_links":{"self":[{"href":"https:\/\/mediapraxis.net\/en\/wp-json\/wp\/v2\/posts\/4816","targetHints":{"allow":["GET"]}}],"collection":[{"href":"https:\/\/mediapraxis.net\/en\/wp-json\/wp\/v2\/posts"}],"about":[{"href":"https:\/\/mediapraxis.net\/en\/wp-json\/wp\/v2\/types\/post"}],"author":[{"embeddable":true,"href":"https:\/\/mediapraxis.net\/en\/wp-json\/wp\/v2\/users\/1"}],"replies":[{"embeddable":true,"href":"https:\/\/mediapraxis.net\/en\/wp-json\/wp\/v2\/comments?post=4816"}],"version-history":[{"count":19,"href":"https:\/\/mediapraxis.net\/en\/wp-json\/wp\/v2\/posts\/4816\/revisions"}],"predecessor-version":[{"id":5711,"href":"https:\/\/mediapraxis.net\/en\/wp-json\/wp\/v2\/posts\/4816\/revisions\/5711"}],"wp:featuredmedia":[{"embeddable":true,"href":"https:\/\/mediapraxis.net\/en\/wp-json\/wp\/v2\/media\/5484"}],"wp:attachment":[{"href":"https:\/\/mediapraxis.net\/en\/wp-json\/wp\/v2\/media?parent=4816"}],"wp:term":[{"taxonomy":"category","embeddable":true,"href":"https:\/\/mediapraxis.net\/en\/wp-json\/wp\/v2\/categories?post=4816"},{"taxonomy":"post_tag","embeddable":true,"href":"https:\/\/mediapraxis.net\/en\/wp-json\/wp\/v2\/tags?post=4816"}],"curies":[{"name":"wp","href":"https:\/\/api.w.org\/{rel}","templated":true}]}}