{"id":4806,"date":"2019-11-28T19:21:34","date_gmt":"2019-11-29T00:21:34","guid":{"rendered":"https:\/\/mediapraxis.net\/?p=4806"},"modified":"2022-05-20T11:03:40","modified_gmt":"2022-05-20T16:03:40","slug":"hashtags-como-usarlos-eficientemente-en-redes-sociales","status":"publish","type":"post","link":"https:\/\/mediapraxis.net\/en\/hashtags-como-usarlos-eficientemente-en-redes-sociales\/","title":{"rendered":"Hashtags: C\u00f3mo usarlos eficientemente en redes sociales"},"content":{"rendered":"<div data-elementor-type=\"wp-post\" data-elementor-id=\"4806\" class=\"elementor elementor-4806\">\n\t\t\t\t\t\t\t\t\t<section class=\"elementor-section elementor-top-section elementor-element elementor-element-e4b5d23 elementor-section-boxed elementor-section-height-default elementor-section-height-default qodef-elementor-content-no\" data-id=\"e4b5d23\" data-element_type=\"section\">\n\t\t\t\t\t\t<div class=\"elementor-container elementor-column-gap-default\">\n\t\t\t\t\t<div class=\"elementor-column elementor-col-100 elementor-top-column elementor-element elementor-element-c9482db\" data-id=\"c9482db\" data-element_type=\"column\">\n\t\t\t<div class=\"elementor-widget-wrap elementor-element-populated\">\n\t\t\t\t\t\t\t\t<div class=\"elementor-element elementor-element-dee9ab1 elementor-widget elementor-widget-text-editor\" data-id=\"dee9ab1\" data-element_type=\"widget\" data-widget_type=\"text-editor.default\">\n\t\t\t\t<div class=\"elementor-widget-container\">\n\t\t\t<style>\/*! elementor - v3.15.0 - 09-08-2023 *\/\n.elementor-widget-text-editor.elementor-drop-cap-view-stacked .elementor-drop-cap{background-color:#69727d;color:#fff}.elementor-widget-text-editor.elementor-drop-cap-view-framed .elementor-drop-cap{color:#69727d;border:3px solid;background-color:transparent}.elementor-widget-text-editor:not(.elementor-drop-cap-view-default) .elementor-drop-cap{margin-top:8px}.elementor-widget-text-editor:not(.elementor-drop-cap-view-default) .elementor-drop-cap-letter{width:1em;height:1em}.elementor-widget-text-editor .elementor-drop-cap{float:left;text-align:center;line-height:1;font-size:50px}.elementor-widget-text-editor .elementor-drop-cap-letter{display:inline-block}<\/style>\t\t\t\t<h4><em>El hashtag se ha convertido en una herramienta fundamental para la generaci\u00f3n de contenido y la interacci\u00f3n de los usuarios con las marcas.<\/em><\/h4>\n<p>Todos los d\u00edas, los que usamos redes sociales, somos bombardeados con los famosos y tan de moda \u201chashtags\u201d, tambi\u00e9n conocidos como etiquetas, y aunque su uso se haya incrementado y parezcan muy f\u00e1ciles de usar, deben tener una estrategia detr\u00e1s para que las marcas logren el alcance y posicionamiento que buscan.<\/p>\n<p>Sin embargo, muchas empresas no tienen claro la funci\u00f3n que cumplen estas etiquetas, ni los objetivos que quieren lograr con las mismas, lo cual impide la interacci\u00f3n de la marca con sus p\u00fablicos objetivos.<\/p>\n<p>Para que el uso de tus hashtags sean efectivos, en <a href=\"https:\/\/mediapraxis.net\/en\/\">Media Praxis<\/a> te brindamos algunos consejos de c\u00f3mo utilizar estas etiquetas para tu marca, en las principales redes sociales:<\/p>\n<h4><span style=\"color: #000000;\">\u00bfC\u00f3mo utilizar hashtags en Facebook?<\/span><\/h4>\n<p><span style=\"color: #000000;\"><strong>1. Generar conversaciones en un evento<\/strong><\/span><\/p>\n<p>Elabora una etiqueta con el nombre de tu evento, para que tus usuarios tenga acceso a todo lo que est\u00e1 sucediendo en \u00e9l, esto permite una mayor interacci\u00f3n.<\/p>\n<p><span style=\"color: #000000;\"><strong>2. Lograr mayor alcance en tus publicaciones<\/strong><\/span><\/p>\n<p>Usa hashtags en funci\u00f3n al contenido que ofreces. \u00a1Ojo!, si utilizas las etiquetas m\u00e1s populares, es probable que tu informaci\u00f3n llegue a personas que no forman parte de tu p\u00fablico objetivo.<\/p>\n<p><span style=\"color: #000000;\"><strong>3. Crear un hashtag para tu empresa o marca<\/strong><\/span><\/p>\n<p>Crea una etiqueta para tu marca y anima a tus seguidores a usarla, as\u00ed te podr\u00e1n encontrar e interactuar f\u00e1cilmente.<\/p>\n<h4><span style=\"color: #000000;\">\u00bfC\u00f3mo usar hashtags en Instagram?<\/span><\/h4>\n<p><span style=\"color: #000000;\"><strong>1. Tu mejor aliado: el buscador de Instagram<\/strong><\/span><\/p>\n<p>Ve al buscador de Instagram, coloca las etiquetas que quieras posicionar y analiza que hashtags relacionados que te recomienda esta red social, para que los a\u00f1adas a tu publicaci\u00f3n.<\/p>\n<p><span style=\"color: #000000;\"><strong>2. Utiliza entre tres y diez hashtags en la descripci\u00f3n de tus posts.<\/strong><\/span><\/p>\n<p>Si el n\u00famero de tus seguidores es m\u00e1s grande, utiliza entre tres y diez etiquetas para que no satures a tu audiencia. Usa 30 hashtags en tus publicaciones, si tu audiencia es peque\u00f1a, para que tu marca tenga mayor visibilidad.<\/p>\n<p><span style=\"color: #000000;\"><strong>3. Aprovecha los hashtags relacionados con tu marca<\/strong><\/span><\/p>\n<p>Descubre las etiquetas m\u00e1s destacadas que est\u00e1n relacionadas con tu marca, tus objetivos y contenido, e insertarlas en tus posts, de esta manera conseguir\u00e1s mayor recordaci\u00f3n.<\/p>\n<p><span style=\"color: #000000;\"><strong>4. Hashtags en las stories<\/strong><\/span><\/p>\n<p>Otra forma muy efectiva de usar las etiquetas en Instagram es a\u00f1adirlas en tus stories. Te recomendamos utilizar una o dos etiquetas, porque si abusas de ellas perder\u00e1s alcance.<\/p>\n<h4><span style=\"color: #000000;\">\u00bfC\u00f3mo usar los hashtags en <a href=\"http:\/\/www.twitter.com\">Twitter<\/a>?<\/span><\/h4>\n<p><span style=\"color: #000000;\"><strong>1. \u00a1No abuses de los hashtags!<\/strong><\/span><\/p>\n<p>Procura usar dos o tres etiquetas, para que tus posts sean relevantes para tus usuarios, de lo contrario dar\u00e1n la impresi\u00f3n de ser spams.<\/p>\n<p><span style=\"color: #000000;\"><strong>2. Util\u00edzalos cuando a\u00f1adan valor a tu tweet<\/strong><\/span><\/p>\n<p>Coloca hashtags en aquellas palabras que agrupan ideas o conceptos, o emplea las etiquetas cuando quieras destacar alguna palabra como clave.<\/p>\n<p><span style=\"color: #000000;\"><strong>3. Ojo con los trending topics<\/strong><\/span><\/p>\n<p>Si buscas estar en tendencia y tener un buen alcance, los temas de inter\u00e9s, tambi\u00e9n conocidos como los trending topics (TT), en tus tweets te ayudar\u00e1n. Eso s\u00ed, los TT que utilices en tus posts deben tener relaci\u00f3n con el contenido de tu marca. \u00a1Aprov\u00e9chalos!<\/p>\n<p>MEDIA PRAXIS es una firma peruana dedicada a la consultor\u00eda en comunicaci\u00f3n digital, reputaci\u00f3n online e identidad visual. Es miembro del Grupo Realidades S.A.C., que cuenta con m\u00e1s de 25 consultores multidisciplinares. Cont\u00e1ctanos para empezar tu proyecto digital:&nbsp;<span style=\"color: #32ade0;\"><a style=\"color: #32ade0;\" href=\"mailto:comunicaciondigital@mediapraxis.net\">comunicaciondigital@mediapraxis.net<\/a><\/span>&nbsp;<\/p>\t\t\t\t\t\t<\/div>\n\t\t\t\t<\/div>\n\t\t\t\t\t<\/div>\n\t\t<\/div>\n\t\t\t\t\t\t\t<\/div>\n\t\t<\/section>\n\t\t\t\t\t\t\t<\/div>","protected":false},"excerpt":{"rendered":"<p>El hashtag se ha convertido en una herramienta fundamental para la generaci\u00f3n de contenido y la interacci\u00f3n de los usuarios con las marcas. Todos los d\u00edas, los que usamos redes sociales, somos bombardeados con los famosos y tan de moda \u201chashtags\u201d, tambi\u00e9n conocidos como etiquetas, y aunque su uso se haya incrementado y parezcan muy [&hellip;]<\/p>","protected":false},"author":1,"featured_media":5486,"comment_status":"closed","ping_status":"closed","sticky":false,"template":"","format":"standard","meta":{"_mi_skip_tracking":false,"_monsterinsights_sitenote_active":false,"_monsterinsights_sitenote_note":"","_monsterinsights_sitenote_category":0,"_joinchat":[],"footnotes":""},"categories":[57],"tags":[],"class_list":["post-4806","post","type-post","status-publish","format-standard","has-post-thumbnail","hentry","category-blog"],"yoast_head":"<!-- This site is optimized with the Yoast SEO plugin v21.1 - https:\/\/yoast.com\/wordpress\/plugins\/seo\/ -->\n<title>Hashtags: C\u00f3mo usarlos eficientemente en redes sociales<\/title>\n<meta name=\"description\" content=\"Los hashtags se han convertido en una herramienta fundamental para la generaci\u00f3n de contenido y la interacci\u00f3n de los usuarios.\" \/>\n<meta name=\"robots\" content=\"index, follow, max-snippet:-1, max-image-preview:large, max-video-preview:-1\" \/>\n<link rel=\"canonical\" href=\"https:\/\/mediapraxis.net\/en\/hashtags-como-usarlos-eficientemente-en-redes-sociales\/\" \/>\n<meta property=\"og:locale\" content=\"en_US\" \/>\n<meta property=\"og:type\" content=\"article\" \/>\n<meta property=\"og:title\" content=\"Hashtags: C\u00f3mo usarlos eficientemente en redes sociales\" \/>\n<meta property=\"og:description\" content=\"Los hashtags se han convertido en una herramienta fundamental para la generaci\u00f3n de contenido y la interacci\u00f3n de los usuarios.\" \/>\n<meta property=\"og:url\" content=\"https:\/\/mediapraxis.net\/en\/hashtags-como-usarlos-eficientemente-en-redes-sociales\/\" \/>\n<meta property=\"og:site_name\" content=\"Media Praxis\" \/>\n<meta property=\"article:published_time\" content=\"2019-11-29T00:21:34+00:00\" \/>\n<meta property=\"article:modified_time\" content=\"2022-05-20T16:03:40+00:00\" \/>\n<meta property=\"og:image\" content=\"https:\/\/mediapraxis.net\/wp-content\/uploads\/2020\/07\/blog_28NOV2019.jpg\" \/>\n\t<meta property=\"og:image:width\" content=\"960\" \/>\n\t<meta property=\"og:image:height\" content=\"560\" \/>\n\t<meta property=\"og:image:type\" content=\"image\/jpeg\" \/>\n<meta name=\"author\" content=\"@MediaPraxis\" \/>\n<meta name=\"twitter:card\" content=\"summary_large_image\" \/>\n<meta name=\"twitter:label1\" content=\"Written by\" \/>\n\t<meta name=\"twitter:data1\" content=\"@MediaPraxis\" \/>\n\t<meta name=\"twitter:label2\" content=\"Est. reading time\" \/>\n\t<meta name=\"twitter:data2\" content=\"3 minutes\" \/>\n<script type=\"application\/ld+json\" class=\"yoast-schema-graph\">{\"@context\":\"https:\/\/schema.org\",\"@graph\":[{\"@type\":\"WebPage\",\"@id\":\"https:\/\/mediapraxis.net\/hashtags-como-usarlos-eficientemente-en-redes-sociales\/\",\"url\":\"https:\/\/mediapraxis.net\/hashtags-como-usarlos-eficientemente-en-redes-sociales\/\",\"name\":\"Hashtags: C\u00f3mo usarlos eficientemente en redes sociales\",\"isPartOf\":{\"@id\":\"https:\/\/mediapraxis.net\/#website\"},\"datePublished\":\"2019-11-29T00:21:34+00:00\",\"dateModified\":\"2022-05-20T16:03:40+00:00\",\"author\":{\"@id\":\"https:\/\/mediapraxis.net\/#\/schema\/person\/a4966c9de21ac26fb1fea0abf51c443a\"},\"description\":\"Los hashtags se han convertido en una herramienta fundamental para la generaci\u00f3n de contenido y la interacci\u00f3n de los usuarios.\",\"breadcrumb\":{\"@id\":\"https:\/\/mediapraxis.net\/hashtags-como-usarlos-eficientemente-en-redes-sociales\/#breadcrumb\"},\"inLanguage\":\"en-US\",\"potentialAction\":[{\"@type\":\"ReadAction\",\"target\":[\"https:\/\/mediapraxis.net\/hashtags-como-usarlos-eficientemente-en-redes-sociales\/\"]}]},{\"@type\":\"BreadcrumbList\",\"@id\":\"https:\/\/mediapraxis.net\/hashtags-como-usarlos-eficientemente-en-redes-sociales\/#breadcrumb\",\"itemListElement\":[{\"@type\":\"ListItem\",\"position\":1,\"name\":\"Portada\",\"item\":\"https:\/\/mediapraxis.net\/\"},{\"@type\":\"ListItem\",\"position\":2,\"name\":\"Hashtags: C\u00f3mo usarlos eficientemente en redes sociales\"}]},{\"@type\":\"WebSite\",\"@id\":\"https:\/\/mediapraxis.net\/#website\",\"url\":\"https:\/\/mediapraxis.net\/\",\"name\":\"Media Praxis\",\"description\":\"Comunicaci\u00f3n digital, reputaci\u00f3n online, identidad visual y PR\",\"potentialAction\":[{\"@type\":\"SearchAction\",\"target\":{\"@type\":\"EntryPoint\",\"urlTemplate\":\"https:\/\/mediapraxis.net\/?s={search_term_string}\"},\"query-input\":\"required name=search_term_string\"}],\"inLanguage\":\"en-US\"},{\"@type\":\"Person\",\"@id\":\"https:\/\/mediapraxis.net\/#\/schema\/person\/a4966c9de21ac26fb1fea0abf51c443a\",\"name\":\"@MediaPraxis\",\"image\":{\"@type\":\"ImageObject\",\"inLanguage\":\"en-US\",\"@id\":\"https:\/\/mediapraxis.net\/#\/schema\/person\/image\/\",\"url\":\"https:\/\/secure.gravatar.com\/avatar\/ffef93fb2a8ac1a264ae76550adf8e2b47e4b9983b2dcb2970645c65ef9bd523?s=96&d=mm&r=g\",\"contentUrl\":\"https:\/\/secure.gravatar.com\/avatar\/ffef93fb2a8ac1a264ae76550adf8e2b47e4b9983b2dcb2970645c65ef9bd523?s=96&d=mm&r=g\",\"caption\":\"@MediaPraxis\"},\"sameAs\":[\"https:\/\/mediapraxis.net\/mediapraxis_2022\"],\"url\":\"https:\/\/mediapraxis.net\/en\/author\/mediapraxis\/\"}]}<\/script>\n<!-- \/ Yoast SEO plugin. -->","yoast_head_json":{"title":"Hashtags: C\u00f3mo usarlos eficientemente en redes sociales","description":"Los hashtags se han convertido en una herramienta fundamental para la generaci\u00f3n de contenido y la interacci\u00f3n de los usuarios.","robots":{"index":"index","follow":"follow","max-snippet":"max-snippet:-1","max-image-preview":"max-image-preview:large","max-video-preview":"max-video-preview:-1"},"canonical":"https:\/\/mediapraxis.net\/en\/hashtags-como-usarlos-eficientemente-en-redes-sociales\/","og_locale":"en_US","og_type":"article","og_title":"Hashtags: C\u00f3mo usarlos eficientemente en redes sociales","og_description":"Los hashtags se han convertido en una herramienta fundamental para la generaci\u00f3n de contenido y la interacci\u00f3n de los usuarios.","og_url":"https:\/\/mediapraxis.net\/en\/hashtags-como-usarlos-eficientemente-en-redes-sociales\/","og_site_name":"Media Praxis","article_published_time":"2019-11-29T00:21:34+00:00","article_modified_time":"2022-05-20T16:03:40+00:00","og_image":[{"width":960,"height":560,"url":"https:\/\/mediapraxis.net\/wp-content\/uploads\/2020\/07\/blog_28NOV2019.jpg","type":"image\/jpeg"}],"author":"@MediaPraxis","twitter_card":"summary_large_image","twitter_misc":{"Written by":"@MediaPraxis","Est. reading time":"3 minutes"},"schema":{"@context":"https:\/\/schema.org","@graph":[{"@type":"WebPage","@id":"https:\/\/mediapraxis.net\/hashtags-como-usarlos-eficientemente-en-redes-sociales\/","url":"https:\/\/mediapraxis.net\/hashtags-como-usarlos-eficientemente-en-redes-sociales\/","name":"Hashtags: C\u00f3mo usarlos eficientemente en redes sociales","isPartOf":{"@id":"https:\/\/mediapraxis.net\/#website"},"datePublished":"2019-11-29T00:21:34+00:00","dateModified":"2022-05-20T16:03:40+00:00","author":{"@id":"https:\/\/mediapraxis.net\/#\/schema\/person\/a4966c9de21ac26fb1fea0abf51c443a"},"description":"Los hashtags se han convertido en una herramienta fundamental para la generaci\u00f3n de contenido y la interacci\u00f3n de los usuarios.","breadcrumb":{"@id":"https:\/\/mediapraxis.net\/hashtags-como-usarlos-eficientemente-en-redes-sociales\/#breadcrumb"},"inLanguage":"en-US","potentialAction":[{"@type":"ReadAction","target":["https:\/\/mediapraxis.net\/hashtags-como-usarlos-eficientemente-en-redes-sociales\/"]}]},{"@type":"BreadcrumbList","@id":"https:\/\/mediapraxis.net\/hashtags-como-usarlos-eficientemente-en-redes-sociales\/#breadcrumb","itemListElement":[{"@type":"ListItem","position":1,"name":"Portada","item":"https:\/\/mediapraxis.net\/"},{"@type":"ListItem","position":2,"name":"Hashtags: C\u00f3mo usarlos eficientemente en redes sociales"}]},{"@type":"WebSite","@id":"https:\/\/mediapraxis.net\/#website","url":"https:\/\/mediapraxis.net\/","name":"Media Praxis","description":"Comunicaci\u00f3n digital, reputaci\u00f3n online, identidad visual y PR","potentialAction":[{"@type":"SearchAction","target":{"@type":"EntryPoint","urlTemplate":"https:\/\/mediapraxis.net\/?s={search_term_string}"},"query-input":"required name=search_term_string"}],"inLanguage":"en-US"},{"@type":"Person","@id":"https:\/\/mediapraxis.net\/#\/schema\/person\/a4966c9de21ac26fb1fea0abf51c443a","name":"@MediaPraxis","image":{"@type":"ImageObject","inLanguage":"en-US","@id":"https:\/\/mediapraxis.net\/#\/schema\/person\/image\/","url":"https:\/\/secure.gravatar.com\/avatar\/ffef93fb2a8ac1a264ae76550adf8e2b47e4b9983b2dcb2970645c65ef9bd523?s=96&d=mm&r=g","contentUrl":"https:\/\/secure.gravatar.com\/avatar\/ffef93fb2a8ac1a264ae76550adf8e2b47e4b9983b2dcb2970645c65ef9bd523?s=96&d=mm&r=g","caption":"@MediaPraxis"},"sameAs":["https:\/\/mediapraxis.net\/mediapraxis_2022"],"url":"https:\/\/mediapraxis.net\/en\/author\/mediapraxis\/"}]}},"_links":{"self":[{"href":"https:\/\/mediapraxis.net\/en\/wp-json\/wp\/v2\/posts\/4806","targetHints":{"allow":["GET"]}}],"collection":[{"href":"https:\/\/mediapraxis.net\/en\/wp-json\/wp\/v2\/posts"}],"about":[{"href":"https:\/\/mediapraxis.net\/en\/wp-json\/wp\/v2\/types\/post"}],"author":[{"embeddable":true,"href":"https:\/\/mediapraxis.net\/en\/wp-json\/wp\/v2\/users\/1"}],"replies":[{"embeddable":true,"href":"https:\/\/mediapraxis.net\/en\/wp-json\/wp\/v2\/comments?post=4806"}],"version-history":[{"count":10,"href":"https:\/\/mediapraxis.net\/en\/wp-json\/wp\/v2\/posts\/4806\/revisions"}],"predecessor-version":[{"id":5690,"href":"https:\/\/mediapraxis.net\/en\/wp-json\/wp\/v2\/posts\/4806\/revisions\/5690"}],"wp:featuredmedia":[{"embeddable":true,"href":"https:\/\/mediapraxis.net\/en\/wp-json\/wp\/v2\/media\/5486"}],"wp:attachment":[{"href":"https:\/\/mediapraxis.net\/en\/wp-json\/wp\/v2\/media?parent=4806"}],"wp:term":[{"taxonomy":"category","embeddable":true,"href":"https:\/\/mediapraxis.net\/en\/wp-json\/wp\/v2\/categories?post=4806"},{"taxonomy":"post_tag","embeddable":true,"href":"https:\/\/mediapraxis.net\/en\/wp-json\/wp\/v2\/tags?post=4806"}],"curies":[{"name":"wp","href":"https:\/\/api.w.org\/{rel}","templated":true}]}}