{"id":4793,"date":"2020-02-28T19:13:22","date_gmt":"2020-02-29T00:13:22","guid":{"rendered":"https:\/\/mediapraxis.net\/?p=4793"},"modified":"2022-05-20T09:54:02","modified_gmt":"2022-05-20T14:54:02","slug":"estrategia-digital-instagram-stories","status":"publish","type":"post","link":"https:\/\/mediapraxis.net\/en\/estrategia-digital-instagram-stories\/","title":{"rendered":"Instagram Stories: \u00bfPor qu\u00e9 incluirlas en tu estrategia digital?"},"content":{"rendered":"<div data-elementor-type=\"wp-post\" data-elementor-id=\"4793\" class=\"elementor elementor-4793\">\n\t\t\t\t\t\t\t\t\t<section class=\"elementor-section elementor-top-section elementor-element elementor-element-e4b5d23 elementor-section-boxed elementor-section-height-default elementor-section-height-default qodef-elementor-content-no\" data-id=\"e4b5d23\" data-element_type=\"section\">\n\t\t\t\t\t\t<div class=\"elementor-container elementor-column-gap-default\">\n\t\t\t\t\t<div class=\"elementor-column elementor-col-100 elementor-top-column elementor-element elementor-element-c9482db\" data-id=\"c9482db\" data-element_type=\"column\">\n\t\t\t<div class=\"elementor-widget-wrap elementor-element-populated\">\n\t\t\t\t\t\t\t\t<div class=\"elementor-element elementor-element-dee9ab1 elementor-widget elementor-widget-text-editor\" data-id=\"dee9ab1\" data-element_type=\"widget\" data-widget_type=\"text-editor.default\">\n\t\t\t\t<div class=\"elementor-widget-container\">\n\t\t\t<style>\/*! elementor - v3.15.0 - 09-08-2023 *\/\n.elementor-widget-text-editor.elementor-drop-cap-view-stacked .elementor-drop-cap{background-color:#69727d;color:#fff}.elementor-widget-text-editor.elementor-drop-cap-view-framed .elementor-drop-cap{color:#69727d;border:3px solid;background-color:transparent}.elementor-widget-text-editor:not(.elementor-drop-cap-view-default) .elementor-drop-cap{margin-top:8px}.elementor-widget-text-editor:not(.elementor-drop-cap-view-default) .elementor-drop-cap-letter{width:1em;height:1em}.elementor-widget-text-editor .elementor-drop-cap{float:left;text-align:center;line-height:1;font-size:50px}.elementor-widget-text-editor .elementor-drop-cap-letter{display:inline-block}<\/style>\t\t\t\t<p>Seg\u00fan datos de <a href=\"https:\/\/www.instagram.com\">Instagram<\/a> para empresas, el 80% de los usuarios siguen a una empresa en Instagram, m\u00e1s de 500 millones de cuentas est\u00e1n activas en el mundo cada d\u00eda, y m\u00e1s de 300 millones de cuentas utilizan Instagram Stories a diario.<\/p><p>Si el p\u00fablico de tu marca es joven, podr\u00edas considerarla una buena raz\u00f3n para incluir Instagram Stories en tu plan de marketing digital, profundicemos un poco m\u00e1s entre sus ventajas:<\/p><h4><span style=\"color: #000000;\">Ponle cara a tu negocio<\/span><\/h4><p>Si hay alguna ventaja especial del uso de Instagram Stories para una empresa es la capacidad de humanizar la marca. Actualmente la publicidad e informaci\u00f3n saturan todas las plataformas, por lo tanto, a los usuarios les cuesta m\u00e1s confiar en un negocio o marca. Por lo que mostrar que hay alguien detr\u00e1s de cada proyecto es sumamente importante para ganarnos la confianza de nuestro p\u00fablico objetivo.<\/p><h4><span style=\"color: #000000;\">Capta la atenci\u00f3n del usuario<\/span><\/h4><p>Muchas personas utilizan Instagram para ver las historias de otras cuentas debido al contenido interesante que poseen lo cual hace que el nivel de captaci\u00f3n sea sumamente alto. Por ese motivo, los empresarios deben aprovechar esa herramienta para innovar, impresionar y aumentar el alcance de sus publicaciones.<\/p><h4><span style=\"color: #000000;\">Enlaces directos<\/span><\/h4><p>En el feed de Instagram es imposible a\u00f1adir un link y que este funcione. En cambio, en las stories s\u00ed se puede, pero claro tu cuenta debe tener al menos 10K. Es una muy buena herramienta que hace que genere tr\u00e1fico en tu web.<\/p><h4><span style=\"color: #000000;\">Transmitir eventos en streaming<\/span><\/h4><p>\u00bfSueles asistir a charlas o crear eventos de empresa? Pues entonces esta opci\u00f3n es perfecta para tu marca, ya que podr\u00e1s hacer grabaciones en vivo y las personas podr\u00e1n interactuar en tiempo real.<\/p><p>Como hemos visto, incluir las Instagram Stories en nuestro plan de estrategia de social media, es una gran oportunidad para las empresas. Como has podido comprobar, esta funcionalidad de Instagram es un canal perfecto para llegar a nuestro p\u00fablico de una manera m\u00e1s creativa y original, siempre y cuando se lleve a cabo de manera profesional.<\/p><p>Si est\u00e1s pensando en integrar un servicio de social media para tu empresa, ponte en contacto con nosotros:\u00a0<span style=\"color: #32ade0;\"><a style=\"color: #32ade0;\" href=\"mailto:comunicaciondigital@mediapraxis.net\">comunicaciondigital@mediapraxis.net<\/a><\/span>\u00a0o ll\u00e1manos al (01) 441 1901, recuerda que puedes seguirnos en Facebook e Instagram como Media Praxis Peru.<\/p>\t\t\t\t\t\t<\/div>\n\t\t\t\t<\/div>\n\t\t\t\t\t<\/div>\n\t\t<\/div>\n\t\t\t\t\t\t\t<\/div>\n\t\t<\/section>\n\t\t\t\t\t\t\t<\/div>","protected":false},"excerpt":{"rendered":"<p>Seg\u00fan datos de Instagram para empresas, el 80% de los usuarios siguen a una empresa en Instagram, m\u00e1s de 500 millones de cuentas est\u00e1n activas en el mundo cada d\u00eda, y m\u00e1s de 300 millones de cuentas utilizan Instagram Stories a diario. Si el p\u00fablico de tu marca es joven, podr\u00edas considerarla una buena raz\u00f3n [&hellip;]<\/p>","protected":false},"author":1,"featured_media":5488,"comment_status":"closed","ping_status":"closed","sticky":false,"template":"","format":"standard","meta":{"_mi_skip_tracking":false,"_monsterinsights_sitenote_active":false,"_monsterinsights_sitenote_note":"","_monsterinsights_sitenote_category":0,"_joinchat":[],"footnotes":""},"categories":[57],"tags":[],"class_list":["post-4793","post","type-post","status-publish","format-standard","has-post-thumbnail","hentry","category-blog"],"yoast_head":"<!-- This site is optimized with the Yoast SEO plugin v21.1 - https:\/\/yoast.com\/wordpress\/plugins\/seo\/ -->\n<title>Instagram Stories: \u00bfPor qu\u00e9 incluirlas en tu estrategia digital?<\/title>\n<meta name=\"description\" content=\"El 80% de los usuarios siguen a una empresa en Instagram y m\u00e1s de 300 millones de cuentas utilizan Instagram Stories a diario.\" \/>\n<meta name=\"robots\" content=\"index, follow, max-snippet:-1, max-image-preview:large, max-video-preview:-1\" \/>\n<link rel=\"canonical\" href=\"https:\/\/mediapraxis.net\/en\/estrategia-digital-instagram-stories\/\" \/>\n<meta property=\"og:locale\" content=\"en_US\" \/>\n<meta property=\"og:type\" content=\"article\" \/>\n<meta property=\"og:title\" content=\"Instagram Stories: \u00bfPor qu\u00e9 incluirlas en tu estrategia digital?\" \/>\n<meta property=\"og:description\" content=\"El 80% de los usuarios siguen a una empresa en Instagram y m\u00e1s de 300 millones de cuentas utilizan Instagram Stories a diario.\" \/>\n<meta property=\"og:url\" content=\"https:\/\/mediapraxis.net\/en\/estrategia-digital-instagram-stories\/\" \/>\n<meta property=\"og:site_name\" content=\"Media Praxis\" \/>\n<meta property=\"article:published_time\" content=\"2020-02-29T00:13:22+00:00\" \/>\n<meta property=\"article:modified_time\" content=\"2022-05-20T14:54:02+00:00\" \/>\n<meta property=\"og:image\" content=\"https:\/\/mediapraxis.net\/wp-content\/uploads\/2020\/07\/blog_28FEB2020.jpg\" \/>\n\t<meta property=\"og:image:width\" content=\"960\" \/>\n\t<meta property=\"og:image:height\" content=\"560\" \/>\n\t<meta property=\"og:image:type\" content=\"image\/jpeg\" \/>\n<meta name=\"author\" content=\"@MediaPraxis\" \/>\n<meta name=\"twitter:card\" content=\"summary_large_image\" \/>\n<meta name=\"twitter:label1\" content=\"Written by\" \/>\n\t<meta name=\"twitter:data1\" content=\"@MediaPraxis\" \/>\n\t<meta name=\"twitter:label2\" content=\"Est. reading time\" \/>\n\t<meta name=\"twitter:data2\" content=\"2 minutes\" \/>\n<script type=\"application\/ld+json\" class=\"yoast-schema-graph\">{\"@context\":\"https:\/\/schema.org\",\"@graph\":[{\"@type\":\"WebPage\",\"@id\":\"https:\/\/mediapraxis.net\/estrategia-digital-instagram-stories\/\",\"url\":\"https:\/\/mediapraxis.net\/estrategia-digital-instagram-stories\/\",\"name\":\"Instagram Stories: \u00bfPor qu\u00e9 incluirlas en tu estrategia digital?\",\"isPartOf\":{\"@id\":\"https:\/\/mediapraxis.net\/#website\"},\"datePublished\":\"2020-02-29T00:13:22+00:00\",\"dateModified\":\"2022-05-20T14:54:02+00:00\",\"author\":{\"@id\":\"https:\/\/mediapraxis.net\/#\/schema\/person\/a4966c9de21ac26fb1fea0abf51c443a\"},\"description\":\"El 80% de los usuarios siguen a una empresa en Instagram y m\u00e1s de 300 millones de cuentas utilizan Instagram Stories a diario.\",\"breadcrumb\":{\"@id\":\"https:\/\/mediapraxis.net\/estrategia-digital-instagram-stories\/#breadcrumb\"},\"inLanguage\":\"en-US\",\"potentialAction\":[{\"@type\":\"ReadAction\",\"target\":[\"https:\/\/mediapraxis.net\/estrategia-digital-instagram-stories\/\"]}]},{\"@type\":\"BreadcrumbList\",\"@id\":\"https:\/\/mediapraxis.net\/estrategia-digital-instagram-stories\/#breadcrumb\",\"itemListElement\":[{\"@type\":\"ListItem\",\"position\":1,\"name\":\"Portada\",\"item\":\"https:\/\/mediapraxis.net\/\"},{\"@type\":\"ListItem\",\"position\":2,\"name\":\"Instagram Stories: \u00bfPor qu\u00e9 incluirlas en tu estrategia digital?\"}]},{\"@type\":\"WebSite\",\"@id\":\"https:\/\/mediapraxis.net\/#website\",\"url\":\"https:\/\/mediapraxis.net\/\",\"name\":\"Media Praxis\",\"description\":\"Comunicaci\u00f3n digital, reputaci\u00f3n online, identidad visual y PR\",\"potentialAction\":[{\"@type\":\"SearchAction\",\"target\":{\"@type\":\"EntryPoint\",\"urlTemplate\":\"https:\/\/mediapraxis.net\/?s={search_term_string}\"},\"query-input\":\"required name=search_term_string\"}],\"inLanguage\":\"en-US\"},{\"@type\":\"Person\",\"@id\":\"https:\/\/mediapraxis.net\/#\/schema\/person\/a4966c9de21ac26fb1fea0abf51c443a\",\"name\":\"@MediaPraxis\",\"image\":{\"@type\":\"ImageObject\",\"inLanguage\":\"en-US\",\"@id\":\"https:\/\/mediapraxis.net\/#\/schema\/person\/image\/\",\"url\":\"https:\/\/secure.gravatar.com\/avatar\/ffef93fb2a8ac1a264ae76550adf8e2b47e4b9983b2dcb2970645c65ef9bd523?s=96&d=mm&r=g\",\"contentUrl\":\"https:\/\/secure.gravatar.com\/avatar\/ffef93fb2a8ac1a264ae76550adf8e2b47e4b9983b2dcb2970645c65ef9bd523?s=96&d=mm&r=g\",\"caption\":\"@MediaPraxis\"},\"sameAs\":[\"https:\/\/mediapraxis.net\/mediapraxis_2022\"],\"url\":\"https:\/\/mediapraxis.net\/en\/author\/mediapraxis\/\"}]}<\/script>\n<!-- \/ Yoast SEO plugin. -->","yoast_head_json":{"title":"Instagram Stories: \u00bfPor qu\u00e9 incluirlas en tu estrategia digital?","description":"El 80% de los usuarios siguen a una empresa en Instagram y m\u00e1s de 300 millones de cuentas utilizan Instagram Stories a diario.","robots":{"index":"index","follow":"follow","max-snippet":"max-snippet:-1","max-image-preview":"max-image-preview:large","max-video-preview":"max-video-preview:-1"},"canonical":"https:\/\/mediapraxis.net\/en\/estrategia-digital-instagram-stories\/","og_locale":"en_US","og_type":"article","og_title":"Instagram Stories: \u00bfPor qu\u00e9 incluirlas en tu estrategia digital?","og_description":"El 80% de los usuarios siguen a una empresa en Instagram y m\u00e1s de 300 millones de cuentas utilizan Instagram Stories a diario.","og_url":"https:\/\/mediapraxis.net\/en\/estrategia-digital-instagram-stories\/","og_site_name":"Media Praxis","article_published_time":"2020-02-29T00:13:22+00:00","article_modified_time":"2022-05-20T14:54:02+00:00","og_image":[{"width":960,"height":560,"url":"https:\/\/mediapraxis.net\/wp-content\/uploads\/2020\/07\/blog_28FEB2020.jpg","type":"image\/jpeg"}],"author":"@MediaPraxis","twitter_card":"summary_large_image","twitter_misc":{"Written by":"@MediaPraxis","Est. reading time":"2 minutes"},"schema":{"@context":"https:\/\/schema.org","@graph":[{"@type":"WebPage","@id":"https:\/\/mediapraxis.net\/estrategia-digital-instagram-stories\/","url":"https:\/\/mediapraxis.net\/estrategia-digital-instagram-stories\/","name":"Instagram Stories: \u00bfPor qu\u00e9 incluirlas en tu estrategia digital?","isPartOf":{"@id":"https:\/\/mediapraxis.net\/#website"},"datePublished":"2020-02-29T00:13:22+00:00","dateModified":"2022-05-20T14:54:02+00:00","author":{"@id":"https:\/\/mediapraxis.net\/#\/schema\/person\/a4966c9de21ac26fb1fea0abf51c443a"},"description":"El 80% de los usuarios siguen a una empresa en Instagram y m\u00e1s de 300 millones de cuentas utilizan Instagram Stories a diario.","breadcrumb":{"@id":"https:\/\/mediapraxis.net\/estrategia-digital-instagram-stories\/#breadcrumb"},"inLanguage":"en-US","potentialAction":[{"@type":"ReadAction","target":["https:\/\/mediapraxis.net\/estrategia-digital-instagram-stories\/"]}]},{"@type":"BreadcrumbList","@id":"https:\/\/mediapraxis.net\/estrategia-digital-instagram-stories\/#breadcrumb","itemListElement":[{"@type":"ListItem","position":1,"name":"Portada","item":"https:\/\/mediapraxis.net\/"},{"@type":"ListItem","position":2,"name":"Instagram Stories: \u00bfPor qu\u00e9 incluirlas en tu estrategia digital?"}]},{"@type":"WebSite","@id":"https:\/\/mediapraxis.net\/#website","url":"https:\/\/mediapraxis.net\/","name":"Media Praxis","description":"Comunicaci\u00f3n digital, reputaci\u00f3n online, identidad visual y PR","potentialAction":[{"@type":"SearchAction","target":{"@type":"EntryPoint","urlTemplate":"https:\/\/mediapraxis.net\/?s={search_term_string}"},"query-input":"required name=search_term_string"}],"inLanguage":"en-US"},{"@type":"Person","@id":"https:\/\/mediapraxis.net\/#\/schema\/person\/a4966c9de21ac26fb1fea0abf51c443a","name":"@MediaPraxis","image":{"@type":"ImageObject","inLanguage":"en-US","@id":"https:\/\/mediapraxis.net\/#\/schema\/person\/image\/","url":"https:\/\/secure.gravatar.com\/avatar\/ffef93fb2a8ac1a264ae76550adf8e2b47e4b9983b2dcb2970645c65ef9bd523?s=96&d=mm&r=g","contentUrl":"https:\/\/secure.gravatar.com\/avatar\/ffef93fb2a8ac1a264ae76550adf8e2b47e4b9983b2dcb2970645c65ef9bd523?s=96&d=mm&r=g","caption":"@MediaPraxis"},"sameAs":["https:\/\/mediapraxis.net\/mediapraxis_2022"],"url":"https:\/\/mediapraxis.net\/en\/author\/mediapraxis\/"}]}},"_links":{"self":[{"href":"https:\/\/mediapraxis.net\/en\/wp-json\/wp\/v2\/posts\/4793","targetHints":{"allow":["GET"]}}],"collection":[{"href":"https:\/\/mediapraxis.net\/en\/wp-json\/wp\/v2\/posts"}],"about":[{"href":"https:\/\/mediapraxis.net\/en\/wp-json\/wp\/v2\/types\/post"}],"author":[{"embeddable":true,"href":"https:\/\/mediapraxis.net\/en\/wp-json\/wp\/v2\/users\/1"}],"replies":[{"embeddable":true,"href":"https:\/\/mediapraxis.net\/en\/wp-json\/wp\/v2\/comments?post=4793"}],"version-history":[{"count":9,"href":"https:\/\/mediapraxis.net\/en\/wp-json\/wp\/v2\/posts\/4793\/revisions"}],"predecessor-version":[{"id":5683,"href":"https:\/\/mediapraxis.net\/en\/wp-json\/wp\/v2\/posts\/4793\/revisions\/5683"}],"wp:featuredmedia":[{"embeddable":true,"href":"https:\/\/mediapraxis.net\/en\/wp-json\/wp\/v2\/media\/5488"}],"wp:attachment":[{"href":"https:\/\/mediapraxis.net\/en\/wp-json\/wp\/v2\/media?parent=4793"}],"wp:term":[{"taxonomy":"category","embeddable":true,"href":"https:\/\/mediapraxis.net\/en\/wp-json\/wp\/v2\/categories?post=4793"},{"taxonomy":"post_tag","embeddable":true,"href":"https:\/\/mediapraxis.net\/en\/wp-json\/wp\/v2\/tags?post=4793"}],"curies":[{"name":"wp","href":"https:\/\/api.w.org\/{rel}","templated":true}]}}