{"id":4783,"date":"2020-06-26T19:03:20","date_gmt":"2020-06-27T00:03:20","guid":{"rendered":"https:\/\/mediapraxis.net\/?p=4783"},"modified":"2022-05-20T09:52:19","modified_gmt":"2022-05-20T14:52:19","slug":"ux-que-es-y-por-que-tiene-tanta-demanda-actualmente","status":"publish","type":"post","link":"https:\/\/mediapraxis.net\/en\/ux-que-es-y-por-que-tiene-tanta-demanda-actualmente\/","title":{"rendered":"UX: \u00bfQu\u00e9 es y por qu\u00e9 tiene tanta demanda actualmente?"},"content":{"rendered":"<div data-elementor-type=\"wp-post\" data-elementor-id=\"4783\" class=\"elementor elementor-4783\">\n\t\t\t\t\t\t\t\t\t<section class=\"elementor-section elementor-top-section elementor-element elementor-element-e4b5d23 elementor-section-boxed elementor-section-height-default elementor-section-height-default qodef-elementor-content-no\" data-id=\"e4b5d23\" data-element_type=\"section\">\n\t\t\t\t\t\t<div class=\"elementor-container elementor-column-gap-default\">\n\t\t\t\t\t<div class=\"elementor-column elementor-col-100 elementor-top-column elementor-element elementor-element-c9482db\" data-id=\"c9482db\" data-element_type=\"column\">\n\t\t\t<div class=\"elementor-widget-wrap elementor-element-populated\">\n\t\t\t\t\t\t\t\t<div class=\"elementor-element elementor-element-dee9ab1 elementor-widget elementor-widget-text-editor\" data-id=\"dee9ab1\" data-element_type=\"widget\" data-widget_type=\"text-editor.default\">\n\t\t\t\t<div class=\"elementor-widget-container\">\n\t\t\t<style>\/*! elementor - v3.15.0 - 09-08-2023 *\/\n.elementor-widget-text-editor.elementor-drop-cap-view-stacked .elementor-drop-cap{background-color:#69727d;color:#fff}.elementor-widget-text-editor.elementor-drop-cap-view-framed .elementor-drop-cap{color:#69727d;border:3px solid;background-color:transparent}.elementor-widget-text-editor:not(.elementor-drop-cap-view-default) .elementor-drop-cap{margin-top:8px}.elementor-widget-text-editor:not(.elementor-drop-cap-view-default) .elementor-drop-cap-letter{width:1em;height:1em}.elementor-widget-text-editor .elementor-drop-cap{float:left;text-align:center;line-height:1;font-size:50px}.elementor-widget-text-editor .elementor-drop-cap-letter{display:inline-block}<\/style>\t\t\t\t<h4><span style=\"color: #000000;\">\u00bfQu\u00e9 es UX en el mundo digital?<\/span><\/h4>\n<p><span style=\"color: #000000;\"><strong><a href=\"https:\/\/rockcontent.com\/es\/blog\/ui-ux\/\">User Experience<\/a>,<\/strong><\/span>&nbsp;com\u00fanmente abreviado a&nbsp;<strong>UX;&nbsp;<\/strong>es la experiencia que vive un usuario al interactuar con una p\u00e1gina web o aplicaci\u00f3n m\u00f3vil de una marca.<\/p>\n<p>Muchas empresas est\u00e1n optando por mejorar la experiencia de sus consumidores y de esta manera incrementar el tr\u00e1fico al sitio web y\/o generar mayor impacto en ventas.<\/p>\n<h4><span style=\"color: #000000;\">\u00bfPor qu\u00e9 es tan importante?<\/span><\/h4>\n<p>Las empresas se renuevan. Lo que importa no es cu\u00e1n bonita se ve una p\u00e1gina, sino qu\u00e9 tan \u00fatil y f\u00e1cil de navegar logra ser; esto sumado al contenido que se brinda al consumidor.<\/p>\n<h4><span style=\"color: #000000;\">\u00a1A tomar cuenta!<br><\/span><\/h4>\n<p><span style=\"color: #000000;\"><strong>#1 \u2013 Funciona para todos por igual<\/strong><\/span><\/p>\n<p>Es un error pensar que la experiencia de usuario ser\u00e1 la misma para todo consumidor de una marca al visitar su sitio. Si algo es verdad, es que todos (a nivel mundial) somos diferentes y vivimos las experiencias de forma distinta de acuerdo a diversos factores personales y culturales.<\/p>\n<p><strong><br><span style=\"color: #000000;\">#2 \u2013 El UX se puede medir<\/span><\/strong><\/p>\n<p>Si bien actualmente contamos con herramientas digitales donde se puede visualizar muchos puntos como el tr\u00e1fico al sitio, la optimizaci\u00f3n, el tiempo de rebote y otros factores; pero lamentablemente, la experiencia de usuario no es posible medirla con una herramienta. Para ello, se sugiere consultar con tus consumidores digitales a trav\u00e9s de alguna encuesta online.<\/p>\n<p><span style=\"color: #000000;\"><strong><br>#3 \u2013 Usabilidad y experiencia es lo mismo<\/strong><\/span><\/p>\n<p>UX es un concepto complejo que abarca muchos puntos: uno de ellos es la usabilidad y este forma parte de la experiencia.<\/p>\n<p>Al mejorar la usabilidad de las herramientas dentro de una aplicaci\u00f3n m\u00f3vil o p\u00e1gina web, se mejora la experiencia del usuario; y esto permitir\u00e1 una mejor optimizaci\u00f3n del UX.<\/p>\n<p>Estudia tus&nbsp;<span style=\"color: #000000;\"><strong>herramientas<\/strong><\/span>, combina&nbsp;<span style=\"color: #000000;\"><strong>t\u00e9cnicas<\/strong><\/span>, realiza&nbsp;<span style=\"color: #000000;\"><strong>cambios<\/strong><\/span>&nbsp;y logra tus&nbsp;<span style=\"color: #000000;\"><strong>objetivos<\/strong><\/span>.<\/p>\n<p>Esperamos que este art\u00edculo te haya sido de ayuda, recuerda que Media Praxis puede apoyarte en proyectos de Dise\u00f1o Web UX. Cont\u00e1ctanos a:&nbsp;<span style=\"color: #32ade0;\"><a style=\"color: #32ade0;\" href=\"mailto:comunicaciondigital@mediapraxis.net\">comunicaciondigital@mediapraxis.net<\/a><\/span>&nbsp;o ll\u00e1manos al (01) 441 1901, y puedes seguirnos en Facebook o LinkedIn como&nbsp;<span style=\"color: #000000;\">Media Praxis Per\u00fa<\/span>.<\/p>\t\t\t\t\t\t<\/div>\n\t\t\t\t<\/div>\n\t\t\t\t\t<\/div>\n\t\t<\/div>\n\t\t\t\t\t\t\t<\/div>\n\t\t<\/section>\n\t\t\t\t\t\t\t<\/div>","protected":false},"excerpt":{"rendered":"<p>\u00bfQu\u00e9 es UX en el mundo digital? User Experience,&nbsp;com\u00fanmente abreviado a&nbsp;UX;&nbsp;es la experiencia que vive un usuario al interactuar con una p\u00e1gina web o aplicaci\u00f3n m\u00f3vil de una marca. Muchas empresas est\u00e1n optando por mejorar la experiencia de sus consumidores y de esta manera incrementar el tr\u00e1fico al sitio web y\/o generar mayor impacto en [&hellip;]<\/p>","protected":false},"author":1,"featured_media":5490,"comment_status":"closed","ping_status":"closed","sticky":false,"template":"","format":"standard","meta":{"_mi_skip_tracking":false,"_monsterinsights_sitenote_active":false,"_monsterinsights_sitenote_note":"","_monsterinsights_sitenote_category":0,"_joinchat":[],"footnotes":""},"categories":[57],"tags":[],"class_list":["post-4783","post","type-post","status-publish","format-standard","has-post-thumbnail","hentry","category-blog"],"yoast_head":"<!-- This site is optimized with the Yoast SEO plugin v21.1 - https:\/\/yoast.com\/wordpress\/plugins\/seo\/ -->\n<title>UX: \u00bfQu\u00e9 es y por qu\u00e9 tiene tanta demanda actualmente?<\/title>\n<meta name=\"description\" content=\"User Experience, abreviado a UX; es la experiencia que vive un usuario al interactuar con una p\u00e1gina web o aplicaci\u00f3n m\u00f3vil de una marca.\" \/>\n<meta name=\"robots\" content=\"index, follow, max-snippet:-1, max-image-preview:large, max-video-preview:-1\" \/>\n<link rel=\"canonical\" href=\"https:\/\/mediapraxis.net\/en\/ux-que-es-y-por-que-tiene-tanta-demanda-actualmente\/\" \/>\n<meta property=\"og:locale\" content=\"en_US\" \/>\n<meta property=\"og:type\" content=\"article\" \/>\n<meta property=\"og:title\" content=\"UX: \u00bfQu\u00e9 es y por qu\u00e9 tiene tanta demanda actualmente?\" \/>\n<meta property=\"og:description\" content=\"User Experience, abreviado a UX; es la experiencia que vive un usuario al interactuar con una p\u00e1gina web o aplicaci\u00f3n m\u00f3vil de una marca.\" \/>\n<meta property=\"og:url\" content=\"https:\/\/mediapraxis.net\/en\/ux-que-es-y-por-que-tiene-tanta-demanda-actualmente\/\" \/>\n<meta property=\"og:site_name\" content=\"Media Praxis\" \/>\n<meta property=\"article:published_time\" content=\"2020-06-27T00:03:20+00:00\" \/>\n<meta property=\"article:modified_time\" content=\"2022-05-20T14:52:19+00:00\" \/>\n<meta property=\"og:image\" content=\"https:\/\/mediapraxis.net\/wp-content\/uploads\/2020\/07\/blog_26JUN2020.jpg\" \/>\n\t<meta property=\"og:image:width\" content=\"960\" \/>\n\t<meta property=\"og:image:height\" content=\"560\" \/>\n\t<meta property=\"og:image:type\" content=\"image\/jpeg\" \/>\n<meta name=\"author\" content=\"@MediaPraxis\" \/>\n<meta name=\"twitter:card\" content=\"summary_large_image\" \/>\n<meta name=\"twitter:label1\" content=\"Written by\" \/>\n\t<meta name=\"twitter:data1\" content=\"@MediaPraxis\" \/>\n\t<meta name=\"twitter:label2\" content=\"Est. reading time\" \/>\n\t<meta name=\"twitter:data2\" content=\"2 minutes\" \/>\n<script type=\"application\/ld+json\" class=\"yoast-schema-graph\">{\"@context\":\"https:\/\/schema.org\",\"@graph\":[{\"@type\":\"WebPage\",\"@id\":\"https:\/\/mediapraxis.net\/ux-que-es-y-por-que-tiene-tanta-demanda-actualmente\/\",\"url\":\"https:\/\/mediapraxis.net\/ux-que-es-y-por-que-tiene-tanta-demanda-actualmente\/\",\"name\":\"UX: \u00bfQu\u00e9 es y por qu\u00e9 tiene tanta demanda actualmente?\",\"isPartOf\":{\"@id\":\"https:\/\/mediapraxis.net\/#website\"},\"datePublished\":\"2020-06-27T00:03:20+00:00\",\"dateModified\":\"2022-05-20T14:52:19+00:00\",\"author\":{\"@id\":\"https:\/\/mediapraxis.net\/#\/schema\/person\/a4966c9de21ac26fb1fea0abf51c443a\"},\"description\":\"User Experience, abreviado a UX; es la experiencia que vive un usuario al interactuar con una p\u00e1gina web o aplicaci\u00f3n m\u00f3vil de una marca.\",\"breadcrumb\":{\"@id\":\"https:\/\/mediapraxis.net\/ux-que-es-y-por-que-tiene-tanta-demanda-actualmente\/#breadcrumb\"},\"inLanguage\":\"en-US\",\"potentialAction\":[{\"@type\":\"ReadAction\",\"target\":[\"https:\/\/mediapraxis.net\/ux-que-es-y-por-que-tiene-tanta-demanda-actualmente\/\"]}]},{\"@type\":\"BreadcrumbList\",\"@id\":\"https:\/\/mediapraxis.net\/ux-que-es-y-por-que-tiene-tanta-demanda-actualmente\/#breadcrumb\",\"itemListElement\":[{\"@type\":\"ListItem\",\"position\":1,\"name\":\"Portada\",\"item\":\"https:\/\/mediapraxis.net\/\"},{\"@type\":\"ListItem\",\"position\":2,\"name\":\"UX: \u00bfQu\u00e9 es y por qu\u00e9 tiene tanta demanda actualmente?\"}]},{\"@type\":\"WebSite\",\"@id\":\"https:\/\/mediapraxis.net\/#website\",\"url\":\"https:\/\/mediapraxis.net\/\",\"name\":\"Media Praxis\",\"description\":\"Comunicaci\u00f3n digital, reputaci\u00f3n online, identidad visual y PR\",\"potentialAction\":[{\"@type\":\"SearchAction\",\"target\":{\"@type\":\"EntryPoint\",\"urlTemplate\":\"https:\/\/mediapraxis.net\/?s={search_term_string}\"},\"query-input\":\"required name=search_term_string\"}],\"inLanguage\":\"en-US\"},{\"@type\":\"Person\",\"@id\":\"https:\/\/mediapraxis.net\/#\/schema\/person\/a4966c9de21ac26fb1fea0abf51c443a\",\"name\":\"@MediaPraxis\",\"image\":{\"@type\":\"ImageObject\",\"inLanguage\":\"en-US\",\"@id\":\"https:\/\/mediapraxis.net\/#\/schema\/person\/image\/\",\"url\":\"https:\/\/secure.gravatar.com\/avatar\/ffef93fb2a8ac1a264ae76550adf8e2b47e4b9983b2dcb2970645c65ef9bd523?s=96&d=mm&r=g\",\"contentUrl\":\"https:\/\/secure.gravatar.com\/avatar\/ffef93fb2a8ac1a264ae76550adf8e2b47e4b9983b2dcb2970645c65ef9bd523?s=96&d=mm&r=g\",\"caption\":\"@MediaPraxis\"},\"sameAs\":[\"https:\/\/mediapraxis.net\/mediapraxis_2022\"],\"url\":\"https:\/\/mediapraxis.net\/en\/author\/mediapraxis\/\"}]}<\/script>\n<!-- \/ Yoast SEO plugin. -->","yoast_head_json":{"title":"UX: \u00bfQu\u00e9 es y por qu\u00e9 tiene tanta demanda actualmente?","description":"User Experience, abreviado a UX; es la experiencia que vive un usuario al interactuar con una p\u00e1gina web o aplicaci\u00f3n m\u00f3vil de una marca.","robots":{"index":"index","follow":"follow","max-snippet":"max-snippet:-1","max-image-preview":"max-image-preview:large","max-video-preview":"max-video-preview:-1"},"canonical":"https:\/\/mediapraxis.net\/en\/ux-que-es-y-por-que-tiene-tanta-demanda-actualmente\/","og_locale":"en_US","og_type":"article","og_title":"UX: \u00bfQu\u00e9 es y por qu\u00e9 tiene tanta demanda actualmente?","og_description":"User Experience, abreviado a UX; es la experiencia que vive un usuario al interactuar con una p\u00e1gina web o aplicaci\u00f3n m\u00f3vil de una marca.","og_url":"https:\/\/mediapraxis.net\/en\/ux-que-es-y-por-que-tiene-tanta-demanda-actualmente\/","og_site_name":"Media Praxis","article_published_time":"2020-06-27T00:03:20+00:00","article_modified_time":"2022-05-20T14:52:19+00:00","og_image":[{"width":960,"height":560,"url":"https:\/\/mediapraxis.net\/wp-content\/uploads\/2020\/07\/blog_26JUN2020.jpg","type":"image\/jpeg"}],"author":"@MediaPraxis","twitter_card":"summary_large_image","twitter_misc":{"Written by":"@MediaPraxis","Est. reading time":"2 minutes"},"schema":{"@context":"https:\/\/schema.org","@graph":[{"@type":"WebPage","@id":"https:\/\/mediapraxis.net\/ux-que-es-y-por-que-tiene-tanta-demanda-actualmente\/","url":"https:\/\/mediapraxis.net\/ux-que-es-y-por-que-tiene-tanta-demanda-actualmente\/","name":"UX: \u00bfQu\u00e9 es y por qu\u00e9 tiene tanta demanda actualmente?","isPartOf":{"@id":"https:\/\/mediapraxis.net\/#website"},"datePublished":"2020-06-27T00:03:20+00:00","dateModified":"2022-05-20T14:52:19+00:00","author":{"@id":"https:\/\/mediapraxis.net\/#\/schema\/person\/a4966c9de21ac26fb1fea0abf51c443a"},"description":"User Experience, abreviado a UX; es la experiencia que vive un usuario al interactuar con una p\u00e1gina web o aplicaci\u00f3n m\u00f3vil de una marca.","breadcrumb":{"@id":"https:\/\/mediapraxis.net\/ux-que-es-y-por-que-tiene-tanta-demanda-actualmente\/#breadcrumb"},"inLanguage":"en-US","potentialAction":[{"@type":"ReadAction","target":["https:\/\/mediapraxis.net\/ux-que-es-y-por-que-tiene-tanta-demanda-actualmente\/"]}]},{"@type":"BreadcrumbList","@id":"https:\/\/mediapraxis.net\/ux-que-es-y-por-que-tiene-tanta-demanda-actualmente\/#breadcrumb","itemListElement":[{"@type":"ListItem","position":1,"name":"Portada","item":"https:\/\/mediapraxis.net\/"},{"@type":"ListItem","position":2,"name":"UX: \u00bfQu\u00e9 es y por qu\u00e9 tiene tanta demanda actualmente?"}]},{"@type":"WebSite","@id":"https:\/\/mediapraxis.net\/#website","url":"https:\/\/mediapraxis.net\/","name":"Media Praxis","description":"Comunicaci\u00f3n digital, reputaci\u00f3n online, identidad visual y PR","potentialAction":[{"@type":"SearchAction","target":{"@type":"EntryPoint","urlTemplate":"https:\/\/mediapraxis.net\/?s={search_term_string}"},"query-input":"required name=search_term_string"}],"inLanguage":"en-US"},{"@type":"Person","@id":"https:\/\/mediapraxis.net\/#\/schema\/person\/a4966c9de21ac26fb1fea0abf51c443a","name":"@MediaPraxis","image":{"@type":"ImageObject","inLanguage":"en-US","@id":"https:\/\/mediapraxis.net\/#\/schema\/person\/image\/","url":"https:\/\/secure.gravatar.com\/avatar\/ffef93fb2a8ac1a264ae76550adf8e2b47e4b9983b2dcb2970645c65ef9bd523?s=96&d=mm&r=g","contentUrl":"https:\/\/secure.gravatar.com\/avatar\/ffef93fb2a8ac1a264ae76550adf8e2b47e4b9983b2dcb2970645c65ef9bd523?s=96&d=mm&r=g","caption":"@MediaPraxis"},"sameAs":["https:\/\/mediapraxis.net\/mediapraxis_2022"],"url":"https:\/\/mediapraxis.net\/en\/author\/mediapraxis\/"}]}},"_links":{"self":[{"href":"https:\/\/mediapraxis.net\/en\/wp-json\/wp\/v2\/posts\/4783","targetHints":{"allow":["GET"]}}],"collection":[{"href":"https:\/\/mediapraxis.net\/en\/wp-json\/wp\/v2\/posts"}],"about":[{"href":"https:\/\/mediapraxis.net\/en\/wp-json\/wp\/v2\/types\/post"}],"author":[{"embeddable":true,"href":"https:\/\/mediapraxis.net\/en\/wp-json\/wp\/v2\/users\/1"}],"replies":[{"embeddable":true,"href":"https:\/\/mediapraxis.net\/en\/wp-json\/wp\/v2\/comments?post=4783"}],"version-history":[{"count":12,"href":"https:\/\/mediapraxis.net\/en\/wp-json\/wp\/v2\/posts\/4783\/revisions"}],"predecessor-version":[{"id":5680,"href":"https:\/\/mediapraxis.net\/en\/wp-json\/wp\/v2\/posts\/4783\/revisions\/5680"}],"wp:featuredmedia":[{"embeddable":true,"href":"https:\/\/mediapraxis.net\/en\/wp-json\/wp\/v2\/media\/5490"}],"wp:attachment":[{"href":"https:\/\/mediapraxis.net\/en\/wp-json\/wp\/v2\/media?parent=4783"}],"wp:term":[{"taxonomy":"category","embeddable":true,"href":"https:\/\/mediapraxis.net\/en\/wp-json\/wp\/v2\/categories?post=4783"},{"taxonomy":"post_tag","embeddable":true,"href":"https:\/\/mediapraxis.net\/en\/wp-json\/wp\/v2\/tags?post=4783"}],"curies":[{"name":"wp","href":"https:\/\/api.w.org\/{rel}","templated":true}]}}