{"id":4761,"date":"2020-07-10T18:48:18","date_gmt":"2020-07-10T23:48:18","guid":{"rendered":"https:\/\/mediapraxis.net\/?p=4761"},"modified":"2022-05-16T12:22:35","modified_gmt":"2022-05-16T17:22:35","slug":"3aw-y-la-fundacion-emilys-entourage-unidos-contra-la-fibrosis-quistica","status":"publish","type":"post","link":"https:\/\/mediapraxis.net\/en\/3aw-y-la-fundacion-emilys-entourage-unidos-contra-la-fibrosis-quistica\/","title":{"rendered":"La Fundaci\u00f3n Emily\u00b4s Entourage y 3AW unidos contra la fibrosis qu\u00edstica"},"content":{"rendered":"<div data-elementor-type=\"wp-post\" data-elementor-id=\"4761\" class=\"elementor elementor-4761\">\n\t\t\t\t\t\t\t\t\t<section class=\"elementor-section elementor-top-section elementor-element elementor-element-e4b5d23 elementor-section-boxed elementor-section-height-default elementor-section-height-default qodef-elementor-content-no\" data-id=\"e4b5d23\" data-element_type=\"section\">\n\t\t\t\t\t\t<div class=\"elementor-container elementor-column-gap-default\">\n\t\t\t\t\t<div class=\"elementor-column elementor-col-100 elementor-top-column elementor-element elementor-element-c9482db\" data-id=\"c9482db\" data-element_type=\"column\">\n\t\t\t<div class=\"elementor-widget-wrap elementor-element-populated\">\n\t\t\t\t\t\t\t\t<div class=\"elementor-element elementor-element-dee9ab1 elementor-widget elementor-widget-text-editor\" data-id=\"dee9ab1\" data-element_type=\"widget\" data-widget_type=\"text-editor.default\">\n\t\t\t\t<div class=\"elementor-widget-container\">\n\t\t\t<style>\/*! elementor - v3.15.0 - 09-08-2023 *\/\n.elementor-widget-text-editor.elementor-drop-cap-view-stacked .elementor-drop-cap{background-color:#69727d;color:#fff}.elementor-widget-text-editor.elementor-drop-cap-view-framed .elementor-drop-cap{color:#69727d;border:3px solid;background-color:transparent}.elementor-widget-text-editor:not(.elementor-drop-cap-view-default) .elementor-drop-cap{margin-top:8px}.elementor-widget-text-editor:not(.elementor-drop-cap-view-default) .elementor-drop-cap-letter{width:1em;height:1em}.elementor-widget-text-editor .elementor-drop-cap{float:left;text-align:center;line-height:1;font-size:50px}.elementor-widget-text-editor .elementor-drop-cap-letter{display:inline-block}<\/style>\t\t\t\t<h4><span style=\"color: #000000;\">El dinero recolectado se destinar\u00e1 a seguir investigando las mutaciones desconocidas de la fibrosis qu\u00edstica en el mundo<\/span><\/h4>\n<p><strong><span style=\"color: #000000;\">Madrid, 09 de julio de 2020.-<\/span>&nbsp;<\/strong>La fundaci\u00f3n Emily\u00b4s Entourage y la agencia 3AW han recaudado m\u00e1s de 150.000$ en la quinta edici\u00f3n de su conocido evento ENNY:Live!. Este evento ten\u00eda la finalidad de impulsar la investigaci\u00f3n de la fibrosis qu\u00edstica.<\/p>\n<p>El dinero fue recaudado el pasado 27 de mayo durante la quinta edici\u00f3n del evento ENNY:Live!, organizado por la fundaci\u00f3n estadounidense sin \u00e1nimo de lucro Emmily\u00b4s Entourage (EE). La recaudaci\u00f3n ha sido destinada a la investigaci\u00f3n de las mutaciones desconocidas de la fibrosis qu\u00edstica en todo el mundo. Con las actuaciones de Erin Foster, Alexander Ludwig y Jon Cleary esta experiencia virtual y reinventada en apoyo de la labor realizada por Emily\u00b4s Entourage ha resultado todo un \u00e9xito. Tanto as\u00ed, que se han conseguido recaudar m\u00e1s de 151.819 $.&nbsp;<span style=\"color: var( --e-global-color-text ); font-family: var( --e-global-typography-text-font-family ), Sans-serif; letter-spacing: 0.03em;\">El objetivo final de esta asociaci\u00f3n sin \u00e1nimo de lucro es acelerar la investigaci\u00f3n y el desarrollo de f\u00e1rmacos para aquellos con mutaciones desconocidas de la FQ. En este sentido ha habido bastantes avances en los \u00faltimos a\u00f1os, pero todav\u00eda hay casos para los que a\u00fan no hay ensayos cl\u00ednicos probados.<\/span><\/p>\n<h5><span style=\"color: #000000;\"><strong><em>OTROS EVENTOS<\/em><\/strong><\/span><\/h5>\n<p>Por este motivo, la fundaci\u00f3n ha organizado diferentes eventos en lo que va de a\u00f1o. Como por ejemplo Blue Cross Broad Street Run, celebrado en el mes de octubre, o la novena edici\u00f3n de la gala de Emily\u00b4s Entourage, que se celebr\u00f3 en diciembre. Con ello, contin\u00faa avanzando en su lucha contra la FQ, un trastorno que causa continuas infecciones pulmonares, limita la capacidad respiratoria, y que afecta a uno de cada dos mil quinientos beb\u00e9s.<\/p>\n<p>Emily\u2019s Entourage (EE) es una fundaci\u00f3n creada por Emily Kramer-Golinkoff. Ella es una mujer joven con fibrosis qu\u00edstica en etapa avanzada que lleva a\u00f1os fomentando la conciencia por la investigaci\u00f3n y el desarrollo de f\u00e1rmacos. Estos avances podr\u00edan ayudar, no solo a las personas con Fibrosis Qu\u00edstica (FQ), sino tambi\u00e9n a las personas que sufren una amplia variedad de enfermedades gen\u00e9ticas causadas por mutaciones desconocidas, incluidas las formas de distrofia muscular y c\u00e1ncer.<\/p>\n<p>Este tipo de mutaciones entre las personas con FQ, son la causa de aproximadamente el 12% de todas las enfermedades gen\u00e9ticas y afectan alrededor de 70 millones de personas en todo el mundo. Se estima que en todo el mundo hasta 300 millones de personas viven con alg\u00fan tipo de enfermedad rara, entre las que se incluye la fibrosis qu\u00edstica.<\/p>\n<p><span style=\"color: #000000;\"><strong><em><br>ACERCA DE EMILY\u2019S ENTOURAGE<\/em><\/strong><\/span><\/p>\n<p><em>Emily\u2019s Entourage es una organizaci\u00f3n sin \u00e1nimo de lucro creada por Emily Kramer-Golinkoff para acelerar la investigaci\u00f3n y el desarrollo de f\u00e1rmacos para mutaciones desconocidas de la fibrosis qu\u00edstica. Emily\u2019s Entourage lleva a\u00f1os impulsando la investigaci\u00f3n de alto impacto, cultivando la colaboraci\u00f3n de m\u00faltiples partes interesadas y facilitando el intercambio de informaci\u00f3n para acelerar los avances. Su objetivo es acelerar los tratamientos que salvan vidas y una cura para aquellos con mutaciones raras de la FQ que esperan con la respiraci\u00f3n contenida una cura.<\/em><\/p>\n<p><span style=\"color: #000000;\"><strong><em><br>ACERCA DE 3AW<\/em><\/strong><\/span><\/p>\n<p><em>3AW es una <a href=\"https:\/\/3aw.es\">multinacional independiente<\/a> con una amplia visi\u00f3n estrat\u00e9gica, especializada en comunicaci\u00f3n, compra de medios, soluciones digitales, relaciones p\u00fablicas, marketing y creatividad. La compa\u00f1\u00eda cuenta con tres oficinas principales en M\u00e9xico, Brasil y Espa\u00f1a y, adem\u00e1s, con una red de agencias gracias a la cual ya cubren la totalidad del continente europeo, Am\u00e9rica, Oriente Medio, India, Asia Pac\u00edfico y el norte de \u00c1frica. 3AW ofrece m\u00e1s de 15 servicios en el \u00e1mbito de la comunicaci\u00f3n en m\u00e1s de 20 pa\u00edses de todo el mundo gracias a su expansi\u00f3n y a su capacidad para aplicar estrategias globales en todos los pa\u00edses adapt\u00e1ndolos a cada mercado.<\/em><\/p>\n<p><span style=\"color: #000000;\"><strong><u><br>Para m\u00e1s informaci\u00f3n, entrevistas o im\u00e1genes, contactar con 3AW Europe:<\/u><\/strong><\/span><\/p>\n<p>Mar\u00eda Cortizas\/Ainhoa Soria<\/p>\n<p><strong>Tel\u00e9fonos:<\/strong> 917 502 697\/663 33 40 98<\/p>\n<p><strong>Emails:<\/strong> <a href=\"mailto:mcortizas@3aw.com\"><span style=\"color: #32ade0;\">mcortizas@3aw.com<\/span><\/a>\/<a href=\"mailto:asoria@3aw.com\"><span style=\"color: #32ade0;\">asoria@3aw.com<\/span><\/a><\/p>\t\t\t\t\t\t<\/div>\n\t\t\t\t<\/div>\n\t\t\t\t\t<\/div>\n\t\t<\/div>\n\t\t\t\t\t\t\t<\/div>\n\t\t<\/section>\n\t\t\t\t\t\t\t<\/div>","protected":false},"excerpt":{"rendered":"<p>El dinero recolectado se destinar\u00e1 a seguir investigando las mutaciones desconocidas de la fibrosis qu\u00edstica en el mundo Madrid, 09 de julio de 2020.-&nbsp;La fundaci\u00f3n Emily\u00b4s Entourage y la agencia 3AW han recaudado m\u00e1s de 150.000$ en la quinta edici\u00f3n de su conocido evento ENNY:Live!. Este evento ten\u00eda la finalidad de impulsar la investigaci\u00f3n de [&hellip;]<\/p>","protected":false},"author":1,"featured_media":5491,"comment_status":"closed","ping_status":"closed","sticky":false,"template":"","format":"standard","meta":{"_mi_skip_tracking":false,"_monsterinsights_sitenote_active":false,"_monsterinsights_sitenote_note":"","_monsterinsights_sitenote_category":0,"_joinchat":[],"footnotes":""},"categories":[57],"tags":[],"class_list":["post-4761","post","type-post","status-publish","format-standard","has-post-thumbnail","hentry","category-blog"],"yoast_head":"<!-- This site is optimized with the Yoast SEO plugin v21.1 - https:\/\/yoast.com\/wordpress\/plugins\/seo\/ -->\n<title>3AW y la Fundaci\u00f3n Emily\u00b4s Entourage unidos contra la fibrosis qu\u00edstica<\/title>\n<meta name=\"description\" content=\"La fundaci\u00f3n Emily\u00b4s Entourage y la agencia 3AW recaudan m\u00e1s de 150.000 d\u00f3lares en su lucha contra la fibrosis qu\u00edstica\" \/>\n<meta name=\"robots\" content=\"index, follow, max-snippet:-1, max-image-preview:large, max-video-preview:-1\" \/>\n<link rel=\"canonical\" href=\"https:\/\/mediapraxis.net\/en\/3aw-y-la-fundacion-emilys-entourage-unidos-contra-la-fibrosis-quistica\/\" \/>\n<meta property=\"og:locale\" content=\"en_US\" \/>\n<meta property=\"og:type\" content=\"article\" \/>\n<meta property=\"og:title\" content=\"3AW y la Fundaci\u00f3n Emily\u00b4s Entourage unidos contra la fibrosis qu\u00edstica\" \/>\n<meta property=\"og:description\" content=\"La fundaci\u00f3n Emily\u00b4s Entourage y la agencia 3AW recaudan m\u00e1s de 150.000 d\u00f3lares en su lucha contra la fibrosis qu\u00edstica\" \/>\n<meta property=\"og:url\" content=\"https:\/\/mediapraxis.net\/en\/3aw-y-la-fundacion-emilys-entourage-unidos-contra-la-fibrosis-quistica\/\" \/>\n<meta property=\"og:site_name\" content=\"Media Praxis\" \/>\n<meta property=\"article:published_time\" content=\"2020-07-10T23:48:18+00:00\" \/>\n<meta property=\"article:modified_time\" content=\"2022-05-16T17:22:35+00:00\" \/>\n<meta property=\"og:image\" content=\"https:\/\/mediapraxis.net\/wp-content\/uploads\/2020\/07\/blog_10JUL2020.jpg\" \/>\n\t<meta property=\"og:image:width\" content=\"960\" \/>\n\t<meta property=\"og:image:height\" content=\"560\" \/>\n\t<meta property=\"og:image:type\" content=\"image\/jpeg\" \/>\n<meta name=\"author\" content=\"@MediaPraxis\" \/>\n<meta name=\"twitter:card\" content=\"summary_large_image\" \/>\n<meta name=\"twitter:label1\" content=\"Written by\" \/>\n\t<meta name=\"twitter:data1\" content=\"@MediaPraxis\" \/>\n\t<meta name=\"twitter:label2\" content=\"Est. reading time\" \/>\n\t<meta name=\"twitter:data2\" content=\"3 minutes\" \/>\n<script type=\"application\/ld+json\" class=\"yoast-schema-graph\">{\"@context\":\"https:\/\/schema.org\",\"@graph\":[{\"@type\":\"WebPage\",\"@id\":\"https:\/\/mediapraxis.net\/3aw-y-la-fundacion-emilys-entourage-unidos-contra-la-fibrosis-quistica\/\",\"url\":\"https:\/\/mediapraxis.net\/3aw-y-la-fundacion-emilys-entourage-unidos-contra-la-fibrosis-quistica\/\",\"name\":\"3AW y la Fundaci\u00f3n Emily\u00b4s Entourage unidos contra la fibrosis qu\u00edstica\",\"isPartOf\":{\"@id\":\"https:\/\/mediapraxis.net\/#website\"},\"datePublished\":\"2020-07-10T23:48:18+00:00\",\"dateModified\":\"2022-05-16T17:22:35+00:00\",\"author\":{\"@id\":\"https:\/\/mediapraxis.net\/#\/schema\/person\/a4966c9de21ac26fb1fea0abf51c443a\"},\"description\":\"La fundaci\u00f3n Emily\u00b4s Entourage y la agencia 3AW recaudan m\u00e1s de 150.000 d\u00f3lares en su lucha contra la fibrosis qu\u00edstica\",\"breadcrumb\":{\"@id\":\"https:\/\/mediapraxis.net\/3aw-y-la-fundacion-emilys-entourage-unidos-contra-la-fibrosis-quistica\/#breadcrumb\"},\"inLanguage\":\"en-US\",\"potentialAction\":[{\"@type\":\"ReadAction\",\"target\":[\"https:\/\/mediapraxis.net\/3aw-y-la-fundacion-emilys-entourage-unidos-contra-la-fibrosis-quistica\/\"]}]},{\"@type\":\"BreadcrumbList\",\"@id\":\"https:\/\/mediapraxis.net\/3aw-y-la-fundacion-emilys-entourage-unidos-contra-la-fibrosis-quistica\/#breadcrumb\",\"itemListElement\":[{\"@type\":\"ListItem\",\"position\":1,\"name\":\"Portada\",\"item\":\"https:\/\/mediapraxis.net\/\"},{\"@type\":\"ListItem\",\"position\":2,\"name\":\"La Fundaci\u00f3n Emily\u00b4s Entourage y 3AW unidos contra la fibrosis qu\u00edstica\"}]},{\"@type\":\"WebSite\",\"@id\":\"https:\/\/mediapraxis.net\/#website\",\"url\":\"https:\/\/mediapraxis.net\/\",\"name\":\"Media Praxis\",\"description\":\"Comunicaci\u00f3n digital, reputaci\u00f3n online, identidad visual y PR\",\"potentialAction\":[{\"@type\":\"SearchAction\",\"target\":{\"@type\":\"EntryPoint\",\"urlTemplate\":\"https:\/\/mediapraxis.net\/?s={search_term_string}\"},\"query-input\":\"required name=search_term_string\"}],\"inLanguage\":\"en-US\"},{\"@type\":\"Person\",\"@id\":\"https:\/\/mediapraxis.net\/#\/schema\/person\/a4966c9de21ac26fb1fea0abf51c443a\",\"name\":\"@MediaPraxis\",\"image\":{\"@type\":\"ImageObject\",\"inLanguage\":\"en-US\",\"@id\":\"https:\/\/mediapraxis.net\/#\/schema\/person\/image\/\",\"url\":\"https:\/\/secure.gravatar.com\/avatar\/ffef93fb2a8ac1a264ae76550adf8e2b47e4b9983b2dcb2970645c65ef9bd523?s=96&d=mm&r=g\",\"contentUrl\":\"https:\/\/secure.gravatar.com\/avatar\/ffef93fb2a8ac1a264ae76550adf8e2b47e4b9983b2dcb2970645c65ef9bd523?s=96&d=mm&r=g\",\"caption\":\"@MediaPraxis\"},\"sameAs\":[\"https:\/\/mediapraxis.net\/mediapraxis_2022\"],\"url\":\"https:\/\/mediapraxis.net\/en\/author\/mediapraxis\/\"}]}<\/script>\n<!-- \/ Yoast SEO plugin. -->","yoast_head_json":{"title":"3AW y la Fundaci\u00f3n Emily\u00b4s Entourage unidos contra la fibrosis qu\u00edstica","description":"La fundaci\u00f3n Emily\u00b4s Entourage y la agencia 3AW recaudan m\u00e1s de 150.000 d\u00f3lares en su lucha contra la fibrosis qu\u00edstica","robots":{"index":"index","follow":"follow","max-snippet":"max-snippet:-1","max-image-preview":"max-image-preview:large","max-video-preview":"max-video-preview:-1"},"canonical":"https:\/\/mediapraxis.net\/en\/3aw-y-la-fundacion-emilys-entourage-unidos-contra-la-fibrosis-quistica\/","og_locale":"en_US","og_type":"article","og_title":"3AW y la Fundaci\u00f3n Emily\u00b4s Entourage unidos contra la fibrosis qu\u00edstica","og_description":"La fundaci\u00f3n Emily\u00b4s Entourage y la agencia 3AW recaudan m\u00e1s de 150.000 d\u00f3lares en su lucha contra la fibrosis qu\u00edstica","og_url":"https:\/\/mediapraxis.net\/en\/3aw-y-la-fundacion-emilys-entourage-unidos-contra-la-fibrosis-quistica\/","og_site_name":"Media Praxis","article_published_time":"2020-07-10T23:48:18+00:00","article_modified_time":"2022-05-16T17:22:35+00:00","og_image":[{"width":960,"height":560,"url":"https:\/\/mediapraxis.net\/wp-content\/uploads\/2020\/07\/blog_10JUL2020.jpg","type":"image\/jpeg"}],"author":"@MediaPraxis","twitter_card":"summary_large_image","twitter_misc":{"Written by":"@MediaPraxis","Est. reading time":"3 minutes"},"schema":{"@context":"https:\/\/schema.org","@graph":[{"@type":"WebPage","@id":"https:\/\/mediapraxis.net\/3aw-y-la-fundacion-emilys-entourage-unidos-contra-la-fibrosis-quistica\/","url":"https:\/\/mediapraxis.net\/3aw-y-la-fundacion-emilys-entourage-unidos-contra-la-fibrosis-quistica\/","name":"3AW y la Fundaci\u00f3n Emily\u00b4s Entourage unidos contra la fibrosis qu\u00edstica","isPartOf":{"@id":"https:\/\/mediapraxis.net\/#website"},"datePublished":"2020-07-10T23:48:18+00:00","dateModified":"2022-05-16T17:22:35+00:00","author":{"@id":"https:\/\/mediapraxis.net\/#\/schema\/person\/a4966c9de21ac26fb1fea0abf51c443a"},"description":"La fundaci\u00f3n Emily\u00b4s Entourage y la agencia 3AW recaudan m\u00e1s de 150.000 d\u00f3lares en su lucha contra la fibrosis qu\u00edstica","breadcrumb":{"@id":"https:\/\/mediapraxis.net\/3aw-y-la-fundacion-emilys-entourage-unidos-contra-la-fibrosis-quistica\/#breadcrumb"},"inLanguage":"en-US","potentialAction":[{"@type":"ReadAction","target":["https:\/\/mediapraxis.net\/3aw-y-la-fundacion-emilys-entourage-unidos-contra-la-fibrosis-quistica\/"]}]},{"@type":"BreadcrumbList","@id":"https:\/\/mediapraxis.net\/3aw-y-la-fundacion-emilys-entourage-unidos-contra-la-fibrosis-quistica\/#breadcrumb","itemListElement":[{"@type":"ListItem","position":1,"name":"Portada","item":"https:\/\/mediapraxis.net\/"},{"@type":"ListItem","position":2,"name":"La Fundaci\u00f3n Emily\u00b4s Entourage y 3AW unidos contra la fibrosis qu\u00edstica"}]},{"@type":"WebSite","@id":"https:\/\/mediapraxis.net\/#website","url":"https:\/\/mediapraxis.net\/","name":"Media Praxis","description":"Comunicaci\u00f3n digital, reputaci\u00f3n online, identidad visual y PR","potentialAction":[{"@type":"SearchAction","target":{"@type":"EntryPoint","urlTemplate":"https:\/\/mediapraxis.net\/?s={search_term_string}"},"query-input":"required name=search_term_string"}],"inLanguage":"en-US"},{"@type":"Person","@id":"https:\/\/mediapraxis.net\/#\/schema\/person\/a4966c9de21ac26fb1fea0abf51c443a","name":"@MediaPraxis","image":{"@type":"ImageObject","inLanguage":"en-US","@id":"https:\/\/mediapraxis.net\/#\/schema\/person\/image\/","url":"https:\/\/secure.gravatar.com\/avatar\/ffef93fb2a8ac1a264ae76550adf8e2b47e4b9983b2dcb2970645c65ef9bd523?s=96&d=mm&r=g","contentUrl":"https:\/\/secure.gravatar.com\/avatar\/ffef93fb2a8ac1a264ae76550adf8e2b47e4b9983b2dcb2970645c65ef9bd523?s=96&d=mm&r=g","caption":"@MediaPraxis"},"sameAs":["https:\/\/mediapraxis.net\/mediapraxis_2022"],"url":"https:\/\/mediapraxis.net\/en\/author\/mediapraxis\/"}]}},"_links":{"self":[{"href":"https:\/\/mediapraxis.net\/en\/wp-json\/wp\/v2\/posts\/4761","targetHints":{"allow":["GET"]}}],"collection":[{"href":"https:\/\/mediapraxis.net\/en\/wp-json\/wp\/v2\/posts"}],"about":[{"href":"https:\/\/mediapraxis.net\/en\/wp-json\/wp\/v2\/types\/post"}],"author":[{"embeddable":true,"href":"https:\/\/mediapraxis.net\/en\/wp-json\/wp\/v2\/users\/1"}],"replies":[{"embeddable":true,"href":"https:\/\/mediapraxis.net\/en\/wp-json\/wp\/v2\/comments?post=4761"}],"version-history":[{"count":24,"href":"https:\/\/mediapraxis.net\/en\/wp-json\/wp\/v2\/posts\/4761\/revisions"}],"predecessor-version":[{"id":5667,"href":"https:\/\/mediapraxis.net\/en\/wp-json\/wp\/v2\/posts\/4761\/revisions\/5667"}],"wp:featuredmedia":[{"embeddable":true,"href":"https:\/\/mediapraxis.net\/en\/wp-json\/wp\/v2\/media\/5491"}],"wp:attachment":[{"href":"https:\/\/mediapraxis.net\/en\/wp-json\/wp\/v2\/media?parent=4761"}],"wp:term":[{"taxonomy":"category","embeddable":true,"href":"https:\/\/mediapraxis.net\/en\/wp-json\/wp\/v2\/categories?post=4761"},{"taxonomy":"post_tag","embeddable":true,"href":"https:\/\/mediapraxis.net\/en\/wp-json\/wp\/v2\/tags?post=4761"}],"curies":[{"name":"wp","href":"https:\/\/api.w.org\/{rel}","templated":true}]}}