{"id":4742,"date":"2020-08-13T09:43:07","date_gmt":"2020-08-13T14:43:07","guid":{"rendered":"https:\/\/mediapraxis.net\/?p=4742"},"modified":"2022-05-16T11:26:33","modified_gmt":"2022-05-16T16:26:33","slug":"social-listening-la-nueva-tendencia-para-el-monitoreo-del-entorno-digital","status":"publish","type":"post","link":"https:\/\/mediapraxis.net\/en\/social-listening-la-nueva-tendencia-para-el-monitoreo-del-entorno-digital\/","title":{"rendered":"Social Listening, la nueva tendencia para el monitoreo digital"},"content":{"rendered":"<div data-elementor-type=\"wp-post\" data-elementor-id=\"4742\" class=\"elementor elementor-4742\">\n\t\t\t\t\t\t\t\t\t<section class=\"elementor-section elementor-top-section elementor-element elementor-element-e4b5d23 elementor-section-boxed elementor-section-height-default elementor-section-height-default qodef-elementor-content-no\" data-id=\"e4b5d23\" data-element_type=\"section\">\n\t\t\t\t\t\t<div class=\"elementor-container elementor-column-gap-default\">\n\t\t\t\t\t<div class=\"elementor-column elementor-col-100 elementor-top-column elementor-element elementor-element-c9482db\" data-id=\"c9482db\" data-element_type=\"column\">\n\t\t\t<div class=\"elementor-widget-wrap elementor-element-populated\">\n\t\t\t\t\t\t\t\t<div class=\"elementor-element elementor-element-dee9ab1 elementor-widget elementor-widget-text-editor\" data-id=\"dee9ab1\" data-element_type=\"widget\" data-widget_type=\"text-editor.default\">\n\t\t\t\t<div class=\"elementor-widget-container\">\n\t\t\t<style>\/*! elementor - v3.15.0 - 09-08-2023 *\/\n.elementor-widget-text-editor.elementor-drop-cap-view-stacked .elementor-drop-cap{background-color:#69727d;color:#fff}.elementor-widget-text-editor.elementor-drop-cap-view-framed .elementor-drop-cap{color:#69727d;border:3px solid;background-color:transparent}.elementor-widget-text-editor:not(.elementor-drop-cap-view-default) .elementor-drop-cap{margin-top:8px}.elementor-widget-text-editor:not(.elementor-drop-cap-view-default) .elementor-drop-cap-letter{width:1em;height:1em}.elementor-widget-text-editor .elementor-drop-cap{float:left;text-align:center;line-height:1;font-size:50px}.elementor-widget-text-editor .elementor-drop-cap-letter{display:inline-block}<\/style>\t\t\t\t<p>\u00bfTe has cuestionado si tus esfuerzos en medios digitales son los correctos? \u00bfSientes que tu empresa no avanza en el entorno digital? Es normal que empieces a cuestionarte esto si no estas seguro de lo que tu p\u00fablico necesita consumir digitalmente, quiz\u00e1s tu contenido es repetitivo, posiblemente ya no sea del agrado de tus consumidores o algo cambi\u00f3. Pero, \u00bfsabes c\u00f3mo medir esto? \u00bfconoces alguna herramienta que te indique lo que los usuarios dicen y sienten de tu marca? El social listening\u00a0es para ti.<\/p><p>Tambi\u00e9n conocido como la escucha social, es la <a href=\"https:\/\/www.talkwalker.com\">herramienta<\/a> que te apoya a medir y monitorear qu\u00e9 est\u00e1n diciendo de tu marca en el entorno digital: redes sociales, blogs online, portales de noticias, youtube, entre otros.<\/p><p>Aqu\u00ed no solo podras medir tus esfuerzos digitales, sino saber qu\u00e9 est\u00e1 haciendo tu\u00a0<span style=\"color: #000000;\"><strong>competencia<\/strong><\/span>\u00a0y cu\u00e1les son los temas en\u00a0<span style=\"color: #000000;\"><strong>tendencia<\/strong><\/span>\u00a0de los que se hablan en tu entorno. Esta herramienta puede definir quienes son tus\u00a0<span style=\"color: #000000;\"><strong>influenciadores<\/strong><\/span>, en qu\u00e9 medio tienes mayor\u00a0<strong><span style=\"color: #000000;\">actividad<\/span>\u00a0<\/strong>y de esta manera reeplantear o reforzar tu estrategia de contenido.<\/p><p>Algunos datos que estan dentro del monitoreo digital:<\/p><ul><li>N\u00famero de menciones<\/li><li>Sentimiento en torno a las menciones<\/li><li>Alcance estimado de las redes sociales<\/li><li>Mejores perfiles p\u00fablicos<\/li><li>Sitios web m\u00e1s activos<\/li><\/ul><p>Quiz\u00e1s a\u00fan no te queda claro c\u00f3mo este servicio que ofrecemos puede ayudarte; pues aqu\u00ed te mencionamos algunos puntos de c\u00f3mo sacarle provecho para el crecimiento de tu empresa o marca.<\/p><p><span style=\"color: #000000;\"><strong>1. Social listening en comentarios de usuarios de marca<\/strong><\/span><\/p><p>En este punto te brindaremos un reporte de monitoreo general de tu empresa, campa\u00f1a o marca. Se recogen las conversaciones p\u00fablicas en los canales digitales con mayor relevancia, las plataformas con mayor interacci\u00f3n y si los temas que has generado est\u00e1n dentro del mapa de tendencias.<\/p><p><strong><br \/><span style=\"color: #000000;\">2. Investigaci\u00f3n de competidores<\/span><\/strong><\/p><p>De igual manera que supervisa lo que la gente dice sobre su propia marca, se puede realizar lo mismo con los competidores.<\/p><p>Escuchar y leer las conversaciones de los consumidores lo ayuda a identificar a sus principales competidores y entender desde un mejor \u00e1ngulo por qu\u00e9 las personas eligen su producto o el de su competidor.<\/p><p><strong><br \/><span style=\"color: #000000;\">3. La escucha social para la reputaci\u00f3n personal o de tu marca<\/span><\/strong><\/p><p>La gesti\u00f3n de la reputaci\u00f3n se basa en la medici\u00f3n de sentimiento y emoci\u00f3n del p\u00fablico con la persona, marca o campa\u00f1a.<\/p><p>En el servicio de escucha digital lo ayudaremos a medir lo que las personas dicen con el apoyo de m\u00e9tricas, como: el n\u00famero de menciones, el alcance de plataformas digitales, la cantidad de likes, la cantidad de acciones, la cantidad de comentarios o de interacci\u00f3n.<\/p><p>As\u00ed como estos tres puntos, el social listening es tu aliado para mejorar tus campa\u00f1as digitales. No esperes tener una crisis, estancamiento o p\u00e9rdidas con tu marca para ponerlo en pr\u00e1ctica. Es ahora cuando debes implementar un servicio que te ofrezca mediciones en tiempo real.<\/p><p>Para llevar a cabo el servicio de monitoreo en el entorno digital cont\u00e1ctanos a trav\u00e9s de:\u00a0<span style=\"color: #32ade0;\"><a style=\"color: #32ade0;\" href=\"mailto:comunicaciondigital@mediapraxis.net\">comunicaciondigital@mediapraxis.net<\/a><\/span> o ll\u00e1manos al (01) 441 1901, y puedes seguirnos en Facebook o LinkedIn como Media Praxis Peru.<\/p>\t\t\t\t\t\t<\/div>\n\t\t\t\t<\/div>\n\t\t\t\t\t<\/div>\n\t\t<\/div>\n\t\t\t\t\t\t\t<\/div>\n\t\t<\/section>\n\t\t\t\t\t\t\t<\/div>","protected":false},"excerpt":{"rendered":"<p>\u00bfTe has cuestionado si tus esfuerzos en medios digitales son los correctos? \u00bfSientes que tu empresa no avanza en el entorno digital? Es normal que empieces a cuestionarte esto si no estas seguro de lo que tu p\u00fablico necesita consumir digitalmente, quiz\u00e1s tu contenido es repetitivo, posiblemente ya no sea del agrado de tus consumidores [&hellip;]<\/p>","protected":false},"author":1,"featured_media":4752,"comment_status":"closed","ping_status":"closed","sticky":false,"template":"","format":"standard","meta":{"_mi_skip_tracking":false,"_monsterinsights_sitenote_active":false,"_monsterinsights_sitenote_note":"","_monsterinsights_sitenote_category":0,"_joinchat":[],"footnotes":""},"categories":[57],"tags":[],"class_list":["post-4742","post","type-post","status-publish","format-standard","has-post-thumbnail","hentry","category-blog"],"yoast_head":"<!-- This site is optimized with the Yoast SEO plugin v21.1 - https:\/\/yoast.com\/wordpress\/plugins\/seo\/ -->\n<title>Social Listening, la nueva tendencia en monitoreo digital<\/title>\n<meta name=\"description\" content=\"El social listening es la herramienta que te apoya a medir y monitorear qu\u00e9 est\u00e1n diciendo de tu marca en el entorno digital.\" \/>\n<meta name=\"robots\" content=\"index, follow, max-snippet:-1, max-image-preview:large, max-video-preview:-1\" \/>\n<link rel=\"canonical\" href=\"https:\/\/mediapraxis.net\/en\/social-listening-la-nueva-tendencia-para-el-monitoreo-del-entorno-digital\/\" \/>\n<meta property=\"og:locale\" content=\"en_US\" \/>\n<meta property=\"og:type\" content=\"article\" \/>\n<meta property=\"og:title\" content=\"Social Listening, la nueva tendencia en monitoreo digital\" \/>\n<meta property=\"og:description\" content=\"El social listening es la herramienta que te apoya a medir y monitorear qu\u00e9 est\u00e1n diciendo de tu marca en el entorno digital.\" \/>\n<meta property=\"og:url\" content=\"https:\/\/mediapraxis.net\/en\/social-listening-la-nueva-tendencia-para-el-monitoreo-del-entorno-digital\/\" \/>\n<meta property=\"og:site_name\" content=\"Media Praxis\" \/>\n<meta property=\"article:published_time\" content=\"2020-08-13T14:43:07+00:00\" \/>\n<meta property=\"article:modified_time\" content=\"2022-05-16T16:26:33+00:00\" \/>\n<meta property=\"og:image\" content=\"https:\/\/mediapraxis.net\/wp-content\/uploads\/2022\/04\/blog_13AGO2020.jpg\" \/>\n\t<meta property=\"og:image:width\" content=\"960\" \/>\n\t<meta property=\"og:image:height\" content=\"560\" \/>\n\t<meta property=\"og:image:type\" content=\"image\/jpeg\" \/>\n<meta name=\"author\" content=\"@MediaPraxis\" \/>\n<meta name=\"twitter:card\" content=\"summary_large_image\" \/>\n<meta name=\"twitter:label1\" content=\"Written by\" \/>\n\t<meta name=\"twitter:data1\" content=\"@MediaPraxis\" \/>\n\t<meta name=\"twitter:label2\" content=\"Est. reading time\" \/>\n\t<meta name=\"twitter:data2\" content=\"3 minutes\" \/>\n<script type=\"application\/ld+json\" class=\"yoast-schema-graph\">{\"@context\":\"https:\/\/schema.org\",\"@graph\":[{\"@type\":\"WebPage\",\"@id\":\"https:\/\/mediapraxis.net\/social-listening-la-nueva-tendencia-para-el-monitoreo-del-entorno-digital\/\",\"url\":\"https:\/\/mediapraxis.net\/social-listening-la-nueva-tendencia-para-el-monitoreo-del-entorno-digital\/\",\"name\":\"Social Listening, la nueva tendencia en monitoreo digital\",\"isPartOf\":{\"@id\":\"https:\/\/mediapraxis.net\/#website\"},\"datePublished\":\"2020-08-13T14:43:07+00:00\",\"dateModified\":\"2022-05-16T16:26:33+00:00\",\"author\":{\"@id\":\"https:\/\/mediapraxis.net\/#\/schema\/person\/a4966c9de21ac26fb1fea0abf51c443a\"},\"description\":\"El social listening es la herramienta que te apoya a medir y monitorear qu\u00e9 est\u00e1n diciendo de tu marca en el entorno digital.\",\"breadcrumb\":{\"@id\":\"https:\/\/mediapraxis.net\/social-listening-la-nueva-tendencia-para-el-monitoreo-del-entorno-digital\/#breadcrumb\"},\"inLanguage\":\"en-US\",\"potentialAction\":[{\"@type\":\"ReadAction\",\"target\":[\"https:\/\/mediapraxis.net\/social-listening-la-nueva-tendencia-para-el-monitoreo-del-entorno-digital\/\"]}]},{\"@type\":\"BreadcrumbList\",\"@id\":\"https:\/\/mediapraxis.net\/social-listening-la-nueva-tendencia-para-el-monitoreo-del-entorno-digital\/#breadcrumb\",\"itemListElement\":[{\"@type\":\"ListItem\",\"position\":1,\"name\":\"Portada\",\"item\":\"https:\/\/mediapraxis.net\/\"},{\"@type\":\"ListItem\",\"position\":2,\"name\":\"Social Listening, la nueva tendencia para el monitoreo digital\"}]},{\"@type\":\"WebSite\",\"@id\":\"https:\/\/mediapraxis.net\/#website\",\"url\":\"https:\/\/mediapraxis.net\/\",\"name\":\"Media Praxis\",\"description\":\"Comunicaci\u00f3n digital, reputaci\u00f3n online, identidad visual y PR\",\"potentialAction\":[{\"@type\":\"SearchAction\",\"target\":{\"@type\":\"EntryPoint\",\"urlTemplate\":\"https:\/\/mediapraxis.net\/?s={search_term_string}\"},\"query-input\":\"required name=search_term_string\"}],\"inLanguage\":\"en-US\"},{\"@type\":\"Person\",\"@id\":\"https:\/\/mediapraxis.net\/#\/schema\/person\/a4966c9de21ac26fb1fea0abf51c443a\",\"name\":\"@MediaPraxis\",\"image\":{\"@type\":\"ImageObject\",\"inLanguage\":\"en-US\",\"@id\":\"https:\/\/mediapraxis.net\/#\/schema\/person\/image\/\",\"url\":\"https:\/\/secure.gravatar.com\/avatar\/ffef93fb2a8ac1a264ae76550adf8e2b47e4b9983b2dcb2970645c65ef9bd523?s=96&d=mm&r=g\",\"contentUrl\":\"https:\/\/secure.gravatar.com\/avatar\/ffef93fb2a8ac1a264ae76550adf8e2b47e4b9983b2dcb2970645c65ef9bd523?s=96&d=mm&r=g\",\"caption\":\"@MediaPraxis\"},\"sameAs\":[\"https:\/\/mediapraxis.net\/mediapraxis_2022\"],\"url\":\"https:\/\/mediapraxis.net\/en\/author\/mediapraxis\/\"}]}<\/script>\n<!-- \/ Yoast SEO plugin. -->","yoast_head_json":{"title":"Social Listening, la nueva tendencia en monitoreo digital","description":"El social listening es la herramienta que te apoya a medir y monitorear qu\u00e9 est\u00e1n diciendo de tu marca en el entorno digital.","robots":{"index":"index","follow":"follow","max-snippet":"max-snippet:-1","max-image-preview":"max-image-preview:large","max-video-preview":"max-video-preview:-1"},"canonical":"https:\/\/mediapraxis.net\/en\/social-listening-la-nueva-tendencia-para-el-monitoreo-del-entorno-digital\/","og_locale":"en_US","og_type":"article","og_title":"Social Listening, la nueva tendencia en monitoreo digital","og_description":"El social listening es la herramienta que te apoya a medir y monitorear qu\u00e9 est\u00e1n diciendo de tu marca en el entorno digital.","og_url":"https:\/\/mediapraxis.net\/en\/social-listening-la-nueva-tendencia-para-el-monitoreo-del-entorno-digital\/","og_site_name":"Media Praxis","article_published_time":"2020-08-13T14:43:07+00:00","article_modified_time":"2022-05-16T16:26:33+00:00","og_image":[{"width":960,"height":560,"url":"https:\/\/mediapraxis.net\/wp-content\/uploads\/2022\/04\/blog_13AGO2020.jpg","type":"image\/jpeg"}],"author":"@MediaPraxis","twitter_card":"summary_large_image","twitter_misc":{"Written by":"@MediaPraxis","Est. reading time":"3 minutes"},"schema":{"@context":"https:\/\/schema.org","@graph":[{"@type":"WebPage","@id":"https:\/\/mediapraxis.net\/social-listening-la-nueva-tendencia-para-el-monitoreo-del-entorno-digital\/","url":"https:\/\/mediapraxis.net\/social-listening-la-nueva-tendencia-para-el-monitoreo-del-entorno-digital\/","name":"Social Listening, la nueva tendencia en monitoreo digital","isPartOf":{"@id":"https:\/\/mediapraxis.net\/#website"},"datePublished":"2020-08-13T14:43:07+00:00","dateModified":"2022-05-16T16:26:33+00:00","author":{"@id":"https:\/\/mediapraxis.net\/#\/schema\/person\/a4966c9de21ac26fb1fea0abf51c443a"},"description":"El social listening es la herramienta que te apoya a medir y monitorear qu\u00e9 est\u00e1n diciendo de tu marca en el entorno digital.","breadcrumb":{"@id":"https:\/\/mediapraxis.net\/social-listening-la-nueva-tendencia-para-el-monitoreo-del-entorno-digital\/#breadcrumb"},"inLanguage":"en-US","potentialAction":[{"@type":"ReadAction","target":["https:\/\/mediapraxis.net\/social-listening-la-nueva-tendencia-para-el-monitoreo-del-entorno-digital\/"]}]},{"@type":"BreadcrumbList","@id":"https:\/\/mediapraxis.net\/social-listening-la-nueva-tendencia-para-el-monitoreo-del-entorno-digital\/#breadcrumb","itemListElement":[{"@type":"ListItem","position":1,"name":"Portada","item":"https:\/\/mediapraxis.net\/"},{"@type":"ListItem","position":2,"name":"Social Listening, la nueva tendencia para el monitoreo digital"}]},{"@type":"WebSite","@id":"https:\/\/mediapraxis.net\/#website","url":"https:\/\/mediapraxis.net\/","name":"Media Praxis","description":"Comunicaci\u00f3n digital, reputaci\u00f3n online, identidad visual y PR","potentialAction":[{"@type":"SearchAction","target":{"@type":"EntryPoint","urlTemplate":"https:\/\/mediapraxis.net\/?s={search_term_string}"},"query-input":"required name=search_term_string"}],"inLanguage":"en-US"},{"@type":"Person","@id":"https:\/\/mediapraxis.net\/#\/schema\/person\/a4966c9de21ac26fb1fea0abf51c443a","name":"@MediaPraxis","image":{"@type":"ImageObject","inLanguage":"en-US","@id":"https:\/\/mediapraxis.net\/#\/schema\/person\/image\/","url":"https:\/\/secure.gravatar.com\/avatar\/ffef93fb2a8ac1a264ae76550adf8e2b47e4b9983b2dcb2970645c65ef9bd523?s=96&d=mm&r=g","contentUrl":"https:\/\/secure.gravatar.com\/avatar\/ffef93fb2a8ac1a264ae76550adf8e2b47e4b9983b2dcb2970645c65ef9bd523?s=96&d=mm&r=g","caption":"@MediaPraxis"},"sameAs":["https:\/\/mediapraxis.net\/mediapraxis_2022"],"url":"https:\/\/mediapraxis.net\/en\/author\/mediapraxis\/"}]}},"_links":{"self":[{"href":"https:\/\/mediapraxis.net\/en\/wp-json\/wp\/v2\/posts\/4742","targetHints":{"allow":["GET"]}}],"collection":[{"href":"https:\/\/mediapraxis.net\/en\/wp-json\/wp\/v2\/posts"}],"about":[{"href":"https:\/\/mediapraxis.net\/en\/wp-json\/wp\/v2\/types\/post"}],"author":[{"embeddable":true,"href":"https:\/\/mediapraxis.net\/en\/wp-json\/wp\/v2\/users\/1"}],"replies":[{"embeddable":true,"href":"https:\/\/mediapraxis.net\/en\/wp-json\/wp\/v2\/comments?post=4742"}],"version-history":[{"count":20,"href":"https:\/\/mediapraxis.net\/en\/wp-json\/wp\/v2\/posts\/4742\/revisions"}],"predecessor-version":[{"id":5643,"href":"https:\/\/mediapraxis.net\/en\/wp-json\/wp\/v2\/posts\/4742\/revisions\/5643"}],"wp:featuredmedia":[{"embeddable":true,"href":"https:\/\/mediapraxis.net\/en\/wp-json\/wp\/v2\/media\/4752"}],"wp:attachment":[{"href":"https:\/\/mediapraxis.net\/en\/wp-json\/wp\/v2\/media?parent=4742"}],"wp:term":[{"taxonomy":"category","embeddable":true,"href":"https:\/\/mediapraxis.net\/en\/wp-json\/wp\/v2\/categories?post=4742"},{"taxonomy":"post_tag","embeddable":true,"href":"https:\/\/mediapraxis.net\/en\/wp-json\/wp\/v2\/tags?post=4742"}],"curies":[{"name":"wp","href":"https:\/\/api.w.org\/{rel}","templated":true}]}}